{"id":573865,"date":"2025-12-02T20:18:24","date_gmt":"2025-12-02T20:18:24","guid":{"rendered":"https:\/\/www.europesays.com\/fr\/573865\/"},"modified":"2025-12-02T20:18:24","modified_gmt":"2025-12-02T20:18:24","slug":"suivez-en-direct-monaco-paris","status":"publish","type":"post","link":"https:\/\/www.europesays.com\/fr\/573865\/","title":{"rendered":"Suivez en direct Monaco &#8211; Paris"},"content":{"rendered":"<p><strong>Ce mardi \u00e0 19h30, le Paris Basketball affronte Monaco pour les huiti\u00e8mes de finale de la Coupe de France.<\/strong><\/p>\n<p>Les 2 meilleures \u00e9quipes de l\u2019Hexagone se rencontrent ce soir ! Vainqueur de l\u2019\u00e9dition pr\u00e9c\u00e9dente, le Paris Basketball se rend sur le Rocher dans un choc calibre EuroLeague.<\/p>\n<p>Suivez la rencontre en direct en cliquant sur ce <a href=\"https:\/\/www.youtube.com\/live\/mAl_gEPhp3s\" data-type=\"link\" data-id=\"https:\/\/www.youtube.com\/live\/mAl_gEPhp3s\" target=\"_blank\" rel=\"noopener\">lien<\/a>.<\/p>\n","protected":false},"excerpt":{"rendered":"Ce mardi \u00e0 19h30, le Paris Basketball affronte Monaco pour les huiti\u00e8mes de finale de la Coupe de&hellip;\n","protected":false},"author":2,"featured_media":573866,"comment_status":"","ping_status":"","sticky":false,"template":"","format":"standard","meta":{"footnotes":""},"categories":[1888],"tags":[1111,1928,11,1927,1777,674,1011,27,12,1926,626,1925,25],"class_list":{"0":"post-573865","1":"post","2":"type-post","3":"status-publish","4":"format-standard","5":"has-post-thumbnail","7":"category-paris","8":"tag-actu","9":"tag-actu-paris","10":"tag-actualites","11":"tag-actualites-paris","12":"tag-eu","13":"tag-europe","14":"tag-fr","15":"tag-france","16":"tag-news","17":"tag-news-paris","18":"tag-paris","19":"tag-paris-news","20":"tag-republique-francaise"},"share_on_mastodon":{"url":"https:\/\/pubeurope.com\/@fr\/115651825060063215","error":""},"_links":{"self":[{"href":"https:\/\/www.europesays.com\/fr\/wp-json\/wp\/v2\/posts\/573865","targetHints":{"allow":["GET"]}}],"collection":[{"href":"https:\/\/www.europesays.com\/fr\/wp-json\/wp\/v2\/posts"}],"about":[{"href":"https:\/\/www.europesays.com\/fr\/wp-json\/wp\/v2\/types\/post"}],"author":[{"embeddable":true,"href":"https:\/\/www.europesays.com\/fr\/wp-json\/wp\/v2\/users\/2"}],"replies":[{"embeddable":true,"href":"https:\/\/www.europesays.com\/fr\/wp-json\/wp\/v2\/comments?post=573865"}],"version-history":[{"count":0,"href":"https:\/\/www.europesays.com\/fr\/wp-json\/wp\/v2\/posts\/573865\/revisions"}],"wp:featuredmedia":[{"embeddable":true,"href":"https:\/\/www.europesays.com\/fr\/wp-json\/wp\/v2\/media\/573866"}],"wp:attachment":[{"href":"https:\/\/www.europesays.com\/fr\/wp-json\/wp\/v2\/media?parent=573865"}],"wp:term":[{"taxonomy":"category","embeddable":true,"href":"https:\/\/www.europesays.com\/fr\/wp-json\/wp\/v2\/categories?post=573865"},{"taxonomy":"post_tag","embeddable":true,"href":"https:\/\/www.europesays.com\/fr\/wp-json\/wp\/v2\/tags?post=573865"}],"curies":[{"name":"wp","href":"https:\/\/api.w.org\/{rel}","templated":true}]}}