{"id":573867,"date":"2025-12-02T20:21:22","date_gmt":"2025-12-02T20:21:22","guid":{"rendered":"https:\/\/www.europesays.com\/fr\/573867\/"},"modified":"2025-12-02T20:21:22","modified_gmt":"2025-12-02T20:21:22","slug":"affaire-de-viol-et-majorite-qui-implose-a-ivry-les-ecologistes-posent-leurs-conditions-pour-les-municipales-2026","status":"publish","type":"post","link":"https:\/\/www.europesays.com\/fr\/573867\/","title":{"rendered":"Affaire de viol et majorit\u00e9 qui implose \u00e0 Ivry\u00a0: les \u00e9cologistes posent leurs conditions pour les municipales 2026"},"content":{"rendered":"<p class=\"paragraph text_align_left lp-f-body-02\">\u00ab C\u2019est la honte \u00bb. Pour ces trois amies attabl\u00e9es ce mardi \u00e0 Ivry-sur-Seine (Val-de-Marne), la publication de <a href=\"https:\/\/www.leparisien.fr\/val-de-marne-94\/cest-un-crachat-a-la-figure-a-ivry-melissandre-victime-de-viol-denonce-le-soutien-delus-a-son-agresseur-30-11-2025-DBBYPY6UXVD6HKBHYU7T4RFQKY.php\" target=\"_self\" rel=\"noopener\">la lettre ouverte de M\u00e9lissandre M.<\/a>, victime de viols par un autre ancien militant communiste, ne pouvait au minimum pas avoir d\u2019autre cons\u00e9quence que ce qui s\u2019est produit : la d\u00e9mission de trois \u00e9lus, et le retrait des d\u00e9l\u00e9gations d\u2019un quatri\u00e8me, pour avoir \u00e9t\u00e9 pr\u00e9sents lors du proc\u00e8s, ou avoir t\u00e9moign\u00e9.<\/p>\n<p class=\"paragraph text_align_left lp-f-body-02\">\u00ab C\u2019est quelque chose qui est impossible \u00e0 assumer \u00bb consid\u00e8re Cassandre, qui pr\u00e9cise qu\u2019elle vote \u00e0 gauche depuis toujours. \u00ab <a href=\"https:\/\/www.leparisien.fr\/val-de-marne-94\/ivry-sur-seine-apres-la-condamnation-pour-viol-dun-ancien-communiste-la-majorite-vole-en-eclats-30-11-2025-Z4GUY47XUFHMNDRIHILJPA3EOQ.php\" target=\"_self\" rel=\"noopener\">Dans une affaire comme celle-l\u00e0<\/a>, la couleur politique n\u2019a pas d\u2019importance, estime la trentenaire. On ne peut pas en tant qu\u2019\u00e9lu \u00eatre de ce c\u00f4t\u00e9-l\u00e0 de la barri\u00e8re \u00bb.<\/p>\n","protected":false},"excerpt":{"rendered":"\u00ab C\u2019est la honte \u00bb. Pour ces trois amies attabl\u00e9es ce mardi \u00e0 Ivry-sur-Seine (Val-de-Marne), la publication de&hellip;\n","protected":false},"author":2,"featured_media":573868,"comment_status":"","ping_status":"","sticky":false,"template":"","format":"standard","meta":{"footnotes":""},"categories":[1888],"tags":[11,1777,674,1011,27,1944,12,626,316,25,1125],"class_list":{"0":"post-573867","1":"post","2":"type-post","3":"status-publish","4":"format-standard","5":"has-post-thumbnail","7":"category-paris","8":"tag-actualites","9":"tag-eu","10":"tag-europe","11":"tag-fr","12":"tag-france","13":"tag-ma-ville","14":"tag-news","15":"tag-paris","16":"tag-politique","17":"tag-republique-francaise","18":"tag-val-de-marne"},"share_on_mastodon":{"url":"https:\/\/pubeurope.com\/@fr\/115651836847651408","error":""},"_links":{"self":[{"href":"https:\/\/www.europesays.com\/fr\/wp-json\/wp\/v2\/posts\/573867","targetHints":{"allow":["GET"]}}],"collection":[{"href":"https:\/\/www.europesays.com\/fr\/wp-json\/wp\/v2\/posts"}],"about":[{"href":"https:\/\/www.europesays.com\/fr\/wp-json\/wp\/v2\/types\/post"}],"author":[{"embeddable":true,"href":"https:\/\/www.europesays.com\/fr\/wp-json\/wp\/v2\/users\/2"}],"replies":[{"embeddable":true,"href":"https:\/\/www.europesays.com\/fr\/wp-json\/wp\/v2\/comments?post=573867"}],"version-history":[{"count":0,"href":"https:\/\/www.europesays.com\/fr\/wp-json\/wp\/v2\/posts\/573867\/revisions"}],"wp:featuredmedia":[{"embeddable":true,"href":"https:\/\/www.europesays.com\/fr\/wp-json\/wp\/v2\/media\/573868"}],"wp:attachment":[{"href":"https:\/\/www.europesays.com\/fr\/wp-json\/wp\/v2\/media?parent=573867"}],"wp:term":[{"taxonomy":"category","embeddable":true,"href":"https:\/\/www.europesays.com\/fr\/wp-json\/wp\/v2\/categories?post=573867"},{"taxonomy":"post_tag","embeddable":true,"href":"https:\/\/www.europesays.com\/fr\/wp-json\/wp\/v2\/tags?post=573867"}],"curies":[{"name":"wp","href":"https:\/\/api.w.org\/{rel}","templated":true}]}}