{"id":573873,"date":"2025-12-02T20:25:14","date_gmt":"2025-12-02T20:25:14","guid":{"rendered":"https:\/\/www.europesays.com\/fr\/573873\/"},"modified":"2025-12-02T20:25:14","modified_gmt":"2025-12-02T20:25:14","slug":"vers-un-accord-de-paix-mais-sous-quelles-conditions","status":"publish","type":"post","link":"https:\/\/www.europesays.com\/fr\/573873\/","title":{"rendered":"vers un accord de paix, mais sous quelles conditions ?"},"content":{"rendered":"<p>            Description de l&rsquo;\u00e9pisode<\/p>\n<p>Tous les jours de la semaine, invit\u00e9s et chroniqueurs sont autour du micro de Pierre de Vilno pour d\u00e9battre des actualit\u00e9s du jour. Ensemble, ils se penchent sur la guerre en Ukraine et alors qu&rsquo;il y a une rencontre cruciale entre l\u2019\u00e9missaire am\u00e9ricain Steve Witkoff et Vladimir Poutine pour tenter de mettre en place un accord pour stopper le conflit.<\/p>\n<p>Invit\u00e9s :<\/p>\n<ul>\n<li><strong>Marc Ferracci<\/strong>, ancien ministre de l\u2019Industrie et de l\u2019Energie, d\u00e9put\u00e9 EPR des Fran\u00e7ais de l\u2019Etranger<\/li>\n<li><strong>Jean-Dominique Merchet<\/strong>, journaliste sp\u00e9cialiste des questions militaires et strat\u00e9giques, auteur de Sommes-nous pr\u00eats pour la guerre\u00a0? L\u2019illusion de la puissance fran\u00e7aise (Robert Laffont, 2024, r\u00e9\u00e9d. dans la coll. Tempus en septembre dernier)\u00a0<\/li>\n<\/ul>\n<p>Chroniqueurs :<\/p>\n<ul>\n<li><strong>Gilles-William Goldnadel<\/strong>, avocat<\/li>\n<li><strong>Jules Torres<\/strong>, journaliste politique au JDD<\/li>\n<li><strong>Alexandre Malafaye<\/strong>, fondateur du think tank Synopia<\/li>\n<li><strong>Gilles Boutin<\/strong>, journaliste en politique \u00e9conomique au Figaro<\/li>\n<\/ul>\n","protected":false},"excerpt":{"rendered":"Description de l&rsquo;\u00e9pisode Tous les jours de la semaine, invit\u00e9s et chroniqueurs sont autour du micro de Pierre&hellip;\n","protected":false},"author":2,"featured_media":573874,"comment_status":"","ping_status":"","sticky":false,"template":"","format":"standard","meta":{"footnotes":""},"categories":[1590],"tags":[11,1777,674,12,220],"class_list":{"0":"post-573873","1":"post","2":"type-post","3":"status-publish","4":"format-standard","5":"has-post-thumbnail","7":"category-ukraine","8":"tag-actualites","9":"tag-eu","10":"tag-europe","11":"tag-news","12":"tag-ukraine"},"share_on_mastodon":{"url":"https:\/\/pubeurope.com\/@fr\/115651852750987069","error":""},"_links":{"self":[{"href":"https:\/\/www.europesays.com\/fr\/wp-json\/wp\/v2\/posts\/573873","targetHints":{"allow":["GET"]}}],"collection":[{"href":"https:\/\/www.europesays.com\/fr\/wp-json\/wp\/v2\/posts"}],"about":[{"href":"https:\/\/www.europesays.com\/fr\/wp-json\/wp\/v2\/types\/post"}],"author":[{"embeddable":true,"href":"https:\/\/www.europesays.com\/fr\/wp-json\/wp\/v2\/users\/2"}],"replies":[{"embeddable":true,"href":"https:\/\/www.europesays.com\/fr\/wp-json\/wp\/v2\/comments?post=573873"}],"version-history":[{"count":0,"href":"https:\/\/www.europesays.com\/fr\/wp-json\/wp\/v2\/posts\/573873\/revisions"}],"wp:featuredmedia":[{"embeddable":true,"href":"https:\/\/www.europesays.com\/fr\/wp-json\/wp\/v2\/media\/573874"}],"wp:attachment":[{"href":"https:\/\/www.europesays.com\/fr\/wp-json\/wp\/v2\/media?parent=573873"}],"wp:term":[{"taxonomy":"category","embeddable":true,"href":"https:\/\/www.europesays.com\/fr\/wp-json\/wp\/v2\/categories?post=573873"},{"taxonomy":"post_tag","embeddable":true,"href":"https:\/\/www.europesays.com\/fr\/wp-json\/wp\/v2\/tags?post=573873"}],"curies":[{"name":"wp","href":"https:\/\/api.w.org\/{rel}","templated":true}]}}