{"id":573879,"date":"2025-12-02T20:28:18","date_gmt":"2025-12-02T20:28:18","guid":{"rendered":"https:\/\/www.europesays.com\/fr\/573879\/"},"modified":"2025-12-02T20:28:18","modified_gmt":"2025-12-02T20:28:18","slug":"football-ligue-des-nations-feminine-lespagne-corrige-lallemagne-et-conserve-son-bien","status":"publish","type":"post","link":"https:\/\/www.europesays.com\/fr\/573879\/","title":{"rendered":"[Football] Ligue des nations f\u00e9minine : l\u2019Espagne corrige l\u2019Allemagne et conserve son bien"},"content":{"rendered":"<p>\t\t\t\t Victorieuse de la premi\u00e8re \u00e9dition de la Ligue des nations l\u2019an dernier, l\u2019Espagne a conserv\u00e9 son titre en dominant l\u2019Allemagne (3-0) lors de la finale retour \u00e0 Madrid, ce mardi.<\/p>\n<p class=\"MWParagraph\">Championne du monde en 2023 et vice-championne d\u2019Europe en 2025, l\u2019Espagne a remport\u00e9 mardi soir \u00e0 Madrid sa deuxi\u00e8me Ligue des nations, en faisant plier l\u2019Allemagne (3-0) dans la derni\u00e8re demi-heure de la finale retour, avec notamment un doubl\u00e9 de Claudia Pina. A l\u2019aller, les joueuses de Sonia Bermudez, nomm\u00e9e \u00e0 la t\u00eate de la s\u00e9lection espagnole apr\u00e8s la finale perdue contre l\u2019Angleterre \u00e0 l\u2019Euro-2025, avaient pli\u00e9 mais n\u2019avaient pas rompu (0-0) vendredi \u00e0 Kaiserslautern, face aux multiples occasions pour les Allemandes.<\/p>\n<p class=\"MWParagraph\">Mardi soir, devant plus de 55.000 spectateurs (55.843) dont le Roi d\u2019Espagne Felipe VI, c\u2019est Claudia Pina qui a d\u00e9livr\u00e9 son \u00e9quipe peu apr\u00e8s l\u2019heure de jeu, avec un doubl\u00e9 en l\u2019espace d\u2019un quart d\u2019heure. A la 61e minute, venue de son aile droite, la joueuse du FC Barcelone a trouv\u00e9 en appui Mariona Caldentey, qui lui a remis en retrait. Pina a ensuite assur\u00e9 sa frappe du plat du pied droit, pour tromper la gardienne de but allemande Ann-Katrin Berger (1-0).<\/p>\n<p><strong>Le tout sans Bonmati, la triple Ballon d\u2019Or<\/strong><\/p>\n<p class=\"MWParagraph\">Quelques minutes plus t\u00f4t, Pina avait effectu\u00e9 un retour d\u00e9cisif pour emp\u00eacher la frappe de l\u2019Allemande Nicole Anyomi, seule \u00e0 huit m\u00e8tres du but espagnol mais dont le contr\u00f4le trop approximatif a permis \u00e0 Pina de revenir. Sept minutes apr\u00e8s l\u2019ouverture du score, Vicky Lopez s\u2019est jou\u00e9e de la d\u00e9fense centrale allemande, avec une superbe frappe du pied gauche dans le petit filet oppos\u00e9 de Berger, qui n\u2019a rien pu faire (2-0, 68e).<\/p>\n<p class=\"MWParagraph\">A l\u2019entame du dernier quart d\u2019heure, Pina a r\u00e9cup\u00e9r\u00e9 au milieu de terrain une relance de Janina Minge, a remont\u00e9 la balle sur pr\u00e8s de 35 m\u00e8tres puis a d\u00e9clench\u00e9 une somptueuse frappe \u00e0 l\u2019entr\u00e9e de la surface de r\u00e9paration, le ballon allant se loger en pleine lucarne (3-0, 74e) Les Espagnoles \u00e9taient priv\u00e9es pour cette finale retour de leur triple laur\u00e9ate du Ballon d\u2019Or, Aitana Bonmati (2023, 2024, 2025), victime \u00e0 l\u2019entra\u00eenement dimanche d\u2019une fracture du p\u00e9ron\u00e9 gauche et qui sera absente pour cinq mois.<\/p>\n<p class=\"MWParagraph\">Elles remportent la Ligue des nations pour la deuxi\u00e8me fois en autant d\u2019\u00e9ditions. Fin f\u00e9vrier 2024, elles avaient battu la France en finale (2-0), qui se jouaient \u00e0 l\u2019\u00e9poque sur un match. Tombeuses de la France en demi-finales (3-2 au cumul aller-retour) de cette Ligue des nations, les co\u00e9quipi\u00e8res de Guilia Gwinn pourront regretter les nombreuses occasions manqu\u00e9es en finale aller, face aux Espagnoles qui les avaient priv\u00e9es de finale \u00e0 l\u2019Euro-2025, au bout de la prolongation sur un but de Bonmati (1-0, 112e).<\/p>\n","protected":false},"excerpt":{"rendered":"Victorieuse de la premi\u00e8re \u00e9dition de la Ligue des nations l\u2019an dernier, l\u2019Espagne a conserv\u00e9 son titre en&hellip;\n","protected":false},"author":2,"featured_media":573880,"comment_status":"","ping_status":"","sticky":false,"template":"","format":"standard","meta":{"footnotes":""},"categories":[1587],"tags":[11,672,1804,1805,1803,1777,674,1801,12,1802],"class_list":{"0":"post-573879","1":"post","2":"type-post","3":"status-publish","4":"format-standard","5":"has-post-thumbnail","7":"category-allemagne","8":"tag-actualites","9":"tag-allemagne","10":"tag-bundesrepublik-deutschland","11":"tag-de","12":"tag-deutschland","13":"tag-eu","14":"tag-europe","15":"tag-germany","16":"tag-news","17":"tag-republique-federale-dallemagne"},"share_on_mastodon":{"url":"https:\/\/pubeurope.com\/@fr\/115651864533414333","error":""},"_links":{"self":[{"href":"https:\/\/www.europesays.com\/fr\/wp-json\/wp\/v2\/posts\/573879","targetHints":{"allow":["GET"]}}],"collection":[{"href":"https:\/\/www.europesays.com\/fr\/wp-json\/wp\/v2\/posts"}],"about":[{"href":"https:\/\/www.europesays.com\/fr\/wp-json\/wp\/v2\/types\/post"}],"author":[{"embeddable":true,"href":"https:\/\/www.europesays.com\/fr\/wp-json\/wp\/v2\/users\/2"}],"replies":[{"embeddable":true,"href":"https:\/\/www.europesays.com\/fr\/wp-json\/wp\/v2\/comments?post=573879"}],"version-history":[{"count":0,"href":"https:\/\/www.europesays.com\/fr\/wp-json\/wp\/v2\/posts\/573879\/revisions"}],"wp:featuredmedia":[{"embeddable":true,"href":"https:\/\/www.europesays.com\/fr\/wp-json\/wp\/v2\/media\/573880"}],"wp:attachment":[{"href":"https:\/\/www.europesays.com\/fr\/wp-json\/wp\/v2\/media?parent=573879"}],"wp:term":[{"taxonomy":"category","embeddable":true,"href":"https:\/\/www.europesays.com\/fr\/wp-json\/wp\/v2\/categories?post=573879"},{"taxonomy":"post_tag","embeddable":true,"href":"https:\/\/www.europesays.com\/fr\/wp-json\/wp\/v2\/tags?post=573879"}],"curies":[{"name":"wp","href":"https:\/\/api.w.org\/{rel}","templated":true}]}}