{"id":573883,"date":"2025-12-02T20:30:16","date_gmt":"2025-12-02T20:30:16","guid":{"rendered":"https:\/\/www.europesays.com\/fr\/573883\/"},"modified":"2025-12-02T20:30:16","modified_gmt":"2025-12-02T20:30:16","slug":"immigration-lextreme-droite-avance-ses-pions-y-compris-a-bruxelles-accents-deurope","status":"publish","type":"post","link":"https:\/\/www.europesays.com\/fr\/573883\/","title":{"rendered":"Immigration : l&rsquo;extr\u00eame droite avance ses pions y compris \u00e0 Bruxelles &#8211; Accents d&rsquo;Europe"},"content":{"rendered":"<p>\n                                                Au Danemark, au Royaume-Uni et, \u00e0 pr\u00e9sent, au sein des instances de l&rsquo;UE, le principe d&rsquo;une politique migratoire hyperrestrictive s&rsquo;impose sous la pression des partis nationalistes.\u00a0                    <\/p>\n<p><strong>Immigrations :<\/strong><\/p>\n<p><strong>Au Royaume-Uni<\/strong>, depuis son arriv\u00e9e au pouvoir en juillet 2024, le Labour de Keir Starmer d\u00e9place sa ligne politique vers la droite, dans un paysage plus morcel\u00e9 que jamais avec la mont\u00e9e en puissance d&rsquo;acteurs comme les LibDem au centre, les Verts et surtout l&rsquo;extr\u00eame droite de Reform UK. Parmi les d\u00e9cisions de ce gouvernement Labour qui ont surpris \u00e0 gauche &#8211; y compris au sein du parti &#8211; figure la r\u00e9cente r\u00e9forme des politiques d&rsquo;immigration. Elle durcit l&rsquo;acc\u00e8s au droit d&rsquo;asile et met fin au regroupement familial. <strong>Reportage \u00e0 Londres, Marie Billon.<\/strong><\/p>\n<p><strong>Au Danemark<\/strong>, les sociaux d\u00e9mocrates ont dot\u00e9 le pays de l\u2019une des politiques les plus restrictives d&rsquo;Europe en mati\u00e8re d&rsquo;immigration et de conditions d&rsquo;accueil des <strong><a href=\"https:\/\/www.rfi.fr\/fr\/tag\/r\u00e9fugi\u00e9s\/\" target=\"_self\" rel=\"noopener\">r\u00e9fugi\u00e9s<\/a><\/strong>, soutenue par un consensus politique. Le pays se pr\u00e9sente par ailleurs comme un mod\u00e8le de d\u00e9fense des droits humains et du bien-\u00eatre de l&rsquo;individu. <strong>Les explications d&rsquo;Ottilia Ferey<\/strong><\/p>\n<p><strong>\u00c0 Bruxelles<\/strong>, sous l&rsquo;impulsion de la pr\u00e9sidence danoise du Conseil, les repr\u00e9sentants des instances europ\u00e9ennes ont d\u00e9cid\u00e9 de lier les aides commerciales aux pays du Sud \u00e0 la r\u00e9admission de migrants d\u00e9bout\u00e9s de l&rsquo;asile. Ce tournant majeur vient rappeler que le visage politique de l&rsquo;UE change. Est-il en train de basculer vers l\u2019extr\u00eame droite ? \u00c9l\u00e9ments de r\u00e9ponse avec la journaliste <strong>Sophie Dupuy.<\/strong><\/p>\n<p><strong>Une chronique en partenariat avec <a href=\"https:\/\/www.contexte.com\/eu\/\" target=\"_blank\" rel=\"noopener\">Contexte<\/a>,<\/strong>\u00a0m\u00e9dia europ\u00e9en num\u00e9rique ind\u00e9pendant sur les institutions et les politiques de l&rsquo;Union europ\u00e9enne.<\/p>\n<p>\u00a0<\/p>\n<p>\u00a0<\/p>\n<p><strong>Transition \u00e9nerg\u00e9tique :<\/strong><\/p>\n<p><strong>En <a href=\"https:\/\/www.rfi.fr\/fr\/tag\/slovaquie\/\" target=\"_self\" rel=\"noopener\">Slovaquie<\/a>,\u00a0<\/strong>le charbon a jou\u00e9 un r\u00f4le \u00e9conomique consid\u00e9rable apr\u00e8s la <strong><a href=\"https:\/\/www.rfi.fr\/fr\/tag\/seconde-guerre-mondiale\/\" target=\"_self\" rel=\"noopener\">Seconde Guerre mondiale<\/a><\/strong>, mais l&rsquo;heure de la reconversion a sonn\u00e9. Dans le nord du pays, la r\u00e9gion de la Haute Nitra a d\u00e9cid\u00e9 d\u2019abandonner la production. La centrale \u00e9lectrique est en cours de fermeture, et la mine a cess\u00e9 d&rsquo;extraire le minerai, il y a deux ans. Gr\u00e2ce \u00e0 un fonds de transition de l&rsquo;UE, de 226 millions, la Haute Nitra doit devenir une r\u00e9gion pilote de l\u2019\u00e9conomie post-fossile. Mais les projets d\u2019\u00e9nergie verte ont du mal \u00e0 avancer. <strong>Fr\u00e9d\u00e9rique Lebel nous emm\u00e8ne sur le site de la mine d\u00e9saffect\u00e9e de Novaky<\/strong>.<\/p>\n","protected":false},"excerpt":{"rendered":"Au Danemark, au Royaume-Uni et, \u00e0 pr\u00e9sent, au sein des instances de l&rsquo;UE, le principe d&rsquo;une politique migratoire&hellip;\n","protected":false},"author":2,"featured_media":573884,"comment_status":"","ping_status":"","sticky":false,"template":"","format":"standard","meta":{"footnotes":""},"categories":[1586],"tags":[2361,11,145,1777,674,1779,1011,27,1061,12,25,473,1778,364],"class_list":{"0":"post-573883","1":"post","2":"type-post","3":"status-publish","4":"format-standard","5":"has-post-thumbnail","7":"category-europe","8":"tag-accents-deurope","9":"tag-actualites","10":"tag-danemark","11":"tag-eu","12":"tag-europe","13":"tag-european-union","14":"tag-fr","15":"tag-france","16":"tag-immigration","17":"tag-news","18":"tag-republique-francaise","19":"tag-royaume-uni","20":"tag-ue","21":"tag-union-europeenne"},"share_on_mastodon":{"url":"https:\/\/pubeurope.com\/@fr\/115651872247288648","error":""},"_links":{"self":[{"href":"https:\/\/www.europesays.com\/fr\/wp-json\/wp\/v2\/posts\/573883","targetHints":{"allow":["GET"]}}],"collection":[{"href":"https:\/\/www.europesays.com\/fr\/wp-json\/wp\/v2\/posts"}],"about":[{"href":"https:\/\/www.europesays.com\/fr\/wp-json\/wp\/v2\/types\/post"}],"author":[{"embeddable":true,"href":"https:\/\/www.europesays.com\/fr\/wp-json\/wp\/v2\/users\/2"}],"replies":[{"embeddable":true,"href":"https:\/\/www.europesays.com\/fr\/wp-json\/wp\/v2\/comments?post=573883"}],"version-history":[{"count":0,"href":"https:\/\/www.europesays.com\/fr\/wp-json\/wp\/v2\/posts\/573883\/revisions"}],"wp:featuredmedia":[{"embeddable":true,"href":"https:\/\/www.europesays.com\/fr\/wp-json\/wp\/v2\/media\/573884"}],"wp:attachment":[{"href":"https:\/\/www.europesays.com\/fr\/wp-json\/wp\/v2\/media?parent=573883"}],"wp:term":[{"taxonomy":"category","embeddable":true,"href":"https:\/\/www.europesays.com\/fr\/wp-json\/wp\/v2\/categories?post=573883"},{"taxonomy":"post_tag","embeddable":true,"href":"https:\/\/www.europesays.com\/fr\/wp-json\/wp\/v2\/tags?post=573883"}],"curies":[{"name":"wp","href":"https:\/\/api.w.org\/{rel}","templated":true}]}}