{"id":573887,"date":"2025-12-02T20:33:13","date_gmt":"2025-12-02T20:33:13","guid":{"rendered":"https:\/\/www.europesays.com\/fr\/573887\/"},"modified":"2025-12-02T20:33:13","modified_gmt":"2025-12-02T20:33:13","slug":"lex-cheffe-de-la-diplomatie-europeenne-arretee-dans-une-enquete-pour-usage-frauduleux-de-fonds-europeens","status":"publish","type":"post","link":"https:\/\/www.europesays.com\/fr\/573887\/","title":{"rendered":"L\u2019ex-cheffe de la diplomatie europ\u00e9enne arr\u00eat\u00e9e dans une enqu\u00eate pour usage frauduleux de fonds europ\u00e9ens"},"content":{"rendered":"<p>Federica Mogherini, <a href=\"https:\/\/www.20minutes.fr\/monde\/2264887-20180502-bruxelles-condamne-propos-inacceptables-abbas-origines-holocauste\" class=\"c-link c-link--is-underlined\" target=\"_blank\" rel=\"noopener\">ancienne cheffe de la diplomatie europ\u00e9enne<\/a>, a \u00e9t\u00e9 interpell\u00e9e mardi 2\u00a0d\u00e9cembre en <a href=\"https:\/\/www.20minutes.fr\/dossier\/belgique\" class=\"c-link c-link--is-underlined\" target=\"_blank\" rel=\"noopener\">Belgique<\/a> dans le cadre d\u2019une enqu\u00eate portant sur l\u2019attribution d\u2019un programme de formation financ\u00e9 par l\u2019Union europ\u00e9enne.<\/p>\n<p>Trois personnes ont \u00e9t\u00e9 plac\u00e9es en garde \u00e0 vue \u00e0 Bruxelles dans ce dossier, selon une source proche de l\u2019affaire.<\/p>\n<p>Une fuite d\u2019information \u00ab\u00a0\u00e0 l\u2019avance\u00a0\u00bb<\/p>\n<p>Depuis\u00a02020, la responsable italienne dirige le Coll\u00e8ge d\u2019Europe, une institution de Bruges qui forme de nombreux cadres europ\u00e9ens. C\u2019est cet \u00e9tablissement qui avait d\u00e9croch\u00e9, l\u2019ann\u00e9e suivante, un contrat de formation pour jeunes diplomates pilot\u00e9 par le service diplomatique europ\u00e9en (EEAS), une structure que Federica Mogherini a elle-m\u00eame dirig\u00e9e cinq ans plus t\u00f4t.<\/p>\n<p>Les enqu\u00eateurs ont des soup\u00e7ons de favoritisme, et cherchent \u00e0 d\u00e9terminer si certains \u00e9l\u00e9ments du march\u00e9 ont pu \u00eatre communiqu\u00e9s avant la proc\u00e9dure. Le parquet europ\u00e9en indique vouloir v\u00e9rifier \u00ab\u00a0si le Coll\u00e8ge d\u2019Europe ou des repr\u00e9sentants ont \u00e9t\u00e9 inform\u00e9s \u00e0 l\u2019avance des crit\u00e8res de s\u00e9lection\u00a0\u00bb dans l\u2019appel d\u2019offres. Le contrat en question repr\u00e9sente environ 654.000 euros.<\/p>\n<\/p>\n<p>Perquisitions en s\u00e9rie<\/p>\n<p>La police f\u00e9d\u00e9rale <a href=\"https:\/\/www.20minutes.fr\/dossier\/belge\" class=\"c-link c-link--is-underlined\" target=\"_blank\" rel=\"noopener\">belge<\/a> a proc\u00e9d\u00e9 mardi \u00e0 une s\u00e9rie de perquisitions\u00a0: au si\u00e8ge de l\u2019EEAS \u00e0 Bruxelles, dans plusieurs b\u00e2timents du Coll\u00e8ge d\u2019Europe \u00e0 Bruges, ainsi qu\u2019\u00e0 des domiciles priv\u00e9s. Parmi les personnes arr\u00eat\u00e9es figurent un haut responsable de la Commission europ\u00e9enne, Stefano Sannino, et le directeur adjoint du Coll\u00e8ge d\u2019Europe, selon la m\u00eame source, confirmant le quotidien L\u2019Echo.<\/p>\n<p>La garde \u00e0 vue peut durer jusqu\u2019\u00e0 48 heures avant un \u00e9ventuel passage devant un juge d\u2019instruction. Les infractions envisag\u00e9es couvrent plusieurs volets\u00a0: \u00ab\u00a0fraude dans l\u2019attribution des march\u00e9s publics, corruption, conflit d\u2019int\u00e9r\u00eats et violation du secret professionnel\u00a0\u00bb, pr\u00e9cise le parquet europ\u00e9en.<\/p>\n<p><a href=\"https:\/\/www.20minutes.fr\/dossier\/ue\" class=\"c-link c-btn c-btn--primary\" target=\"_blank\" rel=\"noopener\">Notre dossier sur l&rsquo;Union europ\u00e9enne<\/a>Figure majeure de la diplomatie europ\u00e9enne<\/p>\n<p>Figure majeure de la diplomatie europ\u00e9enne entre\u00a02014 et\u00a02019, Federica Mogherini avait notamment repr\u00e9sent\u00e9 l\u2019Union europ\u00e9enne lors des n\u00e9gociations internationales sur le nucl\u00e9aire iranien. Apr\u00e8s son d\u00e9part, l\u2019Espagnol Josep Borrell lui a succ\u00e9d\u00e9, avant que la fonction revienne en\u00a02024 \u00e0 l\u2019Estonienne Kaja Kallas.<\/p>\n<p>Rectrice du Coll\u00e8ge d\u2019Europe depuis\u00a02020, elle dirige \u00e9galement depuis\u00a02022 l\u2019Acad\u00e9mie diplomatique de l\u2019Union europ\u00e9enne, pr\u00e9cis\u00e9ment le programme concern\u00e9 par l\u2019enqu\u00eate.<\/p>\n<p>Cette proc\u00e9dure est conduite en coordination avec un juge d\u2019instruction de Flandre occidentale, o\u00f9 se situe Bruges. Avant les interventions polici\u00e8res, plusieurs immunit\u00e9s avaient \u00e9t\u00e9 lev\u00e9es \u00e0 la demande du parquet.<\/p>\n","protected":false},"excerpt":{"rendered":"Federica Mogherini, ancienne cheffe de la diplomatie europ\u00e9enne, a \u00e9t\u00e9 interpell\u00e9e mardi 2\u00a0d\u00e9cembre en Belgique dans le cadre&hellip;\n","protected":false},"author":2,"featured_media":573888,"comment_status":"","ping_status":"","sticky":false,"template":"","format":"standard","meta":{"footnotes":""},"categories":[2],"tags":[47,11,828,2360,2196,1770,312,1011,27,452,303,74,12,25,555],"class_list":{"0":"post-573887","1":"post","2":"type-post","3":"status-publish","4":"format-standard","5":"has-post-thumbnail","7":"category-actualites","8":"tag-actualite","9":"tag-actualites","10":"tag-belgique","11":"tag-bruxelles","12":"tag-commission-europeenne","13":"tag-corruption","14":"tag-diplomatie","15":"tag-fr","16":"tag-france","17":"tag-italie","18":"tag-justice","19":"tag-monde","20":"tag-news","21":"tag-republique-francaise","22":"tag-union-europeenne-ue"},"share_on_mastodon":{"url":"https:\/\/pubeurope.com\/@fr\/115651884093395950","error":""},"_links":{"self":[{"href":"https:\/\/www.europesays.com\/fr\/wp-json\/wp\/v2\/posts\/573887","targetHints":{"allow":["GET"]}}],"collection":[{"href":"https:\/\/www.europesays.com\/fr\/wp-json\/wp\/v2\/posts"}],"about":[{"href":"https:\/\/www.europesays.com\/fr\/wp-json\/wp\/v2\/types\/post"}],"author":[{"embeddable":true,"href":"https:\/\/www.europesays.com\/fr\/wp-json\/wp\/v2\/users\/2"}],"replies":[{"embeddable":true,"href":"https:\/\/www.europesays.com\/fr\/wp-json\/wp\/v2\/comments?post=573887"}],"version-history":[{"count":0,"href":"https:\/\/www.europesays.com\/fr\/wp-json\/wp\/v2\/posts\/573887\/revisions"}],"wp:featuredmedia":[{"embeddable":true,"href":"https:\/\/www.europesays.com\/fr\/wp-json\/wp\/v2\/media\/573888"}],"wp:attachment":[{"href":"https:\/\/www.europesays.com\/fr\/wp-json\/wp\/v2\/media?parent=573887"}],"wp:term":[{"taxonomy":"category","embeddable":true,"href":"https:\/\/www.europesays.com\/fr\/wp-json\/wp\/v2\/categories?post=573887"},{"taxonomy":"post_tag","embeddable":true,"href":"https:\/\/www.europesays.com\/fr\/wp-json\/wp\/v2\/tags?post=573887"}],"curies":[{"name":"wp","href":"https:\/\/api.w.org\/{rel}","templated":true}]}}