{"id":573901,"date":"2025-12-02T20:43:19","date_gmt":"2025-12-02T20:43:19","guid":{"rendered":"https:\/\/www.europesays.com\/fr\/573901\/"},"modified":"2025-12-02T20:43:19","modified_gmt":"2025-12-02T20:43:19","slug":"lom-fonce-en-croatie-pour-une-pepite-a-6-me","status":"publish","type":"post","link":"https:\/\/www.europesays.com\/fr\/573901\/","title":{"rendered":"L&rsquo;OM fonce en Croatie pour une p\u00e9pite \u00e0 6 ME"},"content":{"rendered":"<p><b>Pas compl\u00e8tement satisfait de son secteur d\u00e9fensif malgr\u00e9 un <a href=\"https:\/\/www.foot01.com\/mercato\" title=\"Mercato\" target=\"_blank\" rel=\"noopener\">mercato<\/a> estival 2025 productif, l&rsquo;Olympique de Marseille continue d&rsquo;explorer le march\u00e9. Depuis la Croatie, on apprend que la direction phoc\u00e9enne pr\u00e9pare 6 millions d&rsquo;euros pour un d\u00e9fenseur central de 18 ans.<\/b>L&rsquo;<a href=\"https:\/\/www.foot01.com\/marseille\" target=\"_self\" rel=\"noopener\">Olympique de Marseille<\/a> vit une saison particuli\u00e8rement int\u00e9ressante. Avec le retour en Ligue des Champions, les exigences sont encore plus \u00e9lev\u00e9es, alors que Roberto De Zerbi continue de chercher des solutions pour am\u00e9liorer la qualit\u00e9 de jeu de son effectif. Apr\u00e8s un mercato estival agit\u00e9, th\u00e9\u00e2tre de nombreux mouvements, la direction phoc\u00e9enne s&rsquo;appr\u00eate \u00e0 se lancer dans le bain du march\u00e9 hivernal. Visiblement insatisfaits de la qualit\u00e9 de leur secteur d\u00e9fensif, Pablo Longoria et Medhi Benatia envisagent d&rsquo;offrir \u00e0 leur entraineur une nouvelle recrue. Et selon les derni\u00e8res nouvelles venues de Croatie, le joueur tant attendu pourrait venir tout droit de Split.L&rsquo;OM tente un coup en Croatie<\/p>\n<p>C&rsquo;est en tout cas ce qu&rsquo;affirme Germanijak. Le m\u00e9dia sportif croate r\u00e9v\u00e8le que l&rsquo;OM est entr\u00e9 dans la course pour le (tr\u00e8s) jeune Branimir Mla\u010di\u0107. A seulement 18 ans, le d\u00e9fenseur central droitier enchaine les prestations de haut vol avec le Hajduk Split, son club formateur. Artisan de l&rsquo;excellente saison de son \u00e9quipe, laquelle est class\u00e9e deuxi\u00e8me du championnat croate \u00e0 seulement un point du Dinamo Zagreb, \u00e9quipe phare du championnat, Mla\u010di\u0107 a tap\u00e9 dans l&rsquo;oeil de plusieurs tr\u00e8s gros clubs europ\u00e9ens, au grand d\u00e9sarroi de l&rsquo;OM.<\/p>\n<p>En effet, le m\u00eame m\u00e9dia indique que Branimir Mla\u010di\u0107 figure parmi les priorit\u00e9s du Real Madrid pour le poste de d\u00e9fenseur central, mais aussi de l&rsquo;Inter Milan. Devant ces int\u00e9r\u00eats croissants, la direction du club de Split demande au moins 6 millions d&rsquo;euros pour boucler l&rsquo;affaire. Germanijak souligne l&rsquo;ascension fulgurante du jeune joueur, de quoi croire en une opportunit\u00e9 de march\u00e9 plus qu&rsquo;int\u00e9ressante pour l&rsquo;OM, toujours en qu\u00eate de p\u00e9pites insoup\u00e7onn\u00e9es.<\/p>\n<p><img decoding=\"async\" src=\"https:\/\/www.europesays.com\/fr\/wp-content\/uploads\/2025\/11\/44.png\" alt=\"Olympique Marseille\" class=\"w-12 h-12 object-contain\"\/><img decoding=\"async\" class=\"w-4 h-4 left-[1.67px] top-[1.67px] absolute\" src=\"https:\/\/www.europesays.com\/fr\/wp-content\/uploads\/2025\/09\/301.png\" alt=\"Ligue 1\"\/><\/p>\n<p>Ligue 1<\/p>\n<p>29 novembre 2025 \u00e0 21:05<\/p>\n<p>Ligue 1<\/p>\n<p>25 novembre 2025 \u00e0 21:00<\/p>\n<p>Champions League<\/p>\n<p><img decoding=\"async\" src=\"https:\/\/www.europesays.com\/fr\/wp-content\/uploads\/2025\/11\/20333643.png\" alt=\"M. Greenwood\" class=\"w-16 h-16 object-cover rounded-full\"\/><\/p>\n<p>10.M. Greenwood<\/p>\n<p><img decoding=\"async\" src=\"https:\/\/www.europesays.com\/fr\/wp-content\/uploads\/2025\/12\/gb.png\" alt=\"ENG,NIR,SCO,WAL\" class=\"w-6 h-4 object-cover\"\/>ENG,NIR,SCO,WAL \u2022 \u00c2ge 24 \u2022 Attaquant<img decoding=\"async\" src=\"https:\/\/www.europesays.com\/fr\/wp-content\/uploads\/2025\/12\/31739.png\" alt=\"P. Aubameyang\" class=\"w-16 h-16 object-cover rounded-full\"\/><\/p>\n<p>97.P. Aubameyang<\/p>\n<p><img decoding=\"async\" src=\"https:\/\/www.europesays.com\/fr\/wp-content\/uploads\/2025\/12\/ga.png\" alt=\"GAB\" class=\"w-6 h-4 object-cover\"\/>GAB \u2022 \u00c2ge 36 \u2022 Attaquant<\/p>\n","protected":false},"excerpt":{"rendered":"Pas compl\u00e8tement satisfait de son secteur d\u00e9fensif malgr\u00e9 un mercato estival 2025 productif, l&rsquo;Olympique de Marseille continue d&rsquo;explorer&hellip;\n","protected":false},"author":2,"featured_media":573902,"comment_status":"","ping_status":"","sticky":false,"template":"","format":"standard","meta":{"footnotes":""},"categories":[1410],"tags":[8936,63,1011,27,1434,149,60],"class_list":{"0":"post-573901","1":"post","2":"type-post","3":"status-publish","4":"format-standard","5":"has-post-thumbnail","7":"category-football","8":"tag-breaking-news","9":"tag-football","10":"tag-fr","11":"tag-france","12":"tag-mercato","13":"tag-om","14":"tag-sports"},"share_on_mastodon":{"url":"https:\/\/pubeurope.com\/@fr\/115651925463129020","error":""},"_links":{"self":[{"href":"https:\/\/www.europesays.com\/fr\/wp-json\/wp\/v2\/posts\/573901","targetHints":{"allow":["GET"]}}],"collection":[{"href":"https:\/\/www.europesays.com\/fr\/wp-json\/wp\/v2\/posts"}],"about":[{"href":"https:\/\/www.europesays.com\/fr\/wp-json\/wp\/v2\/types\/post"}],"author":[{"embeddable":true,"href":"https:\/\/www.europesays.com\/fr\/wp-json\/wp\/v2\/users\/2"}],"replies":[{"embeddable":true,"href":"https:\/\/www.europesays.com\/fr\/wp-json\/wp\/v2\/comments?post=573901"}],"version-history":[{"count":0,"href":"https:\/\/www.europesays.com\/fr\/wp-json\/wp\/v2\/posts\/573901\/revisions"}],"wp:featuredmedia":[{"embeddable":true,"href":"https:\/\/www.europesays.com\/fr\/wp-json\/wp\/v2\/media\/573902"}],"wp:attachment":[{"href":"https:\/\/www.europesays.com\/fr\/wp-json\/wp\/v2\/media?parent=573901"}],"wp:term":[{"taxonomy":"category","embeddable":true,"href":"https:\/\/www.europesays.com\/fr\/wp-json\/wp\/v2\/categories?post=573901"},{"taxonomy":"post_tag","embeddable":true,"href":"https:\/\/www.europesays.com\/fr\/wp-json\/wp\/v2\/tags?post=573901"}],"curies":[{"name":"wp","href":"https:\/\/api.w.org\/{rel}","templated":true}]}}