{"id":573903,"date":"2025-12-02T20:44:14","date_gmt":"2025-12-02T20:44:14","guid":{"rendered":"https:\/\/www.europesays.com\/fr\/573903\/"},"modified":"2025-12-02T20:44:14","modified_gmt":"2025-12-02T20:44:14","slug":"venus-williams-officialise-enfin-ses-fiancailles-avec-lacteur-italien-andrea-preti","status":"publish","type":"post","link":"https:\/\/www.europesays.com\/fr\/573903\/","title":{"rendered":"Venus Williams officialise (enfin) ses fian\u00e7ailles avec l\u2019acteur italien Andrea Preti"},"content":{"rendered":"<p>                                    <img decoding=\"async\" src=\"https:\/\/www.europesays.com\/fr\/wp-content\/uploads\/2025\/12\/c50cd77ffc8f5f286712048d65fb0fbf84eff0faac03f34f5a6ec246494adec7.jpg\" alt=\"Venus Williams officialise sa relation avec l'acteur Andrea Preti lors du d\u00e9fil\u00e9 Dsquared2\" class=\"a11y-hidden\" fetchpriority=\"high\"\/><\/p>\n<p>\n    Ce mardi 2 janvier, la grande s\u0153ur de Serena Williams a partag\u00e9 plusieurs photos sur son compte Instagram, annon\u00e7ant officiellement ses fian\u00e7ailles avec son compagnon.<\/p>\n<p class=\"fig-paragraph\">Tout au long de l\u2019ann\u00e9e, elle a sem\u00e9 des indices au sujet de ses fian\u00e7ailles avec son compagnon, l\u2019acteur italien, Andrea Preti. Ce mardi 2 novembre,\u00a0<a href=\"http:\/\/madame.lefigaro.fr\/style\/news\/us-open-talons-extra-hauts-minirobe-et-sac-wilson-l-arrivee-detonante-de-venus-williams-sur-le-court-20230831\" data-fig-type=\"Article\" data-gtm-custom-categorie=\"navigation\" data-gtm-custom-action=\"crossclick\" data-gtm-custom-label=\"Contextuel\" data-gtm-event=\"customEventSPE\" data-fig-domain=\"MADAME\" target=\"_blank\" rel=\"noopener\">Venus Williams<\/a>\u00a0a officialis\u00e9 la nouvelle en publiant plusieurs photos sur son\u00a0<a href=\"https:\/\/www.instagram.com\/p\/DRw6otXEfzM\/?utm_source=ig_web_copy_link&amp;igsh=MzRlODBiNWFlZA==\" target=\"_blank\" rel=\"sponsored noopener\" data-gtm-custom-categorie=\"navigation\" data-gtm-custom-action=\"crossclick\" data-gtm-custom-label=\"Contextuel\" data-gtm-event=\"customEventSPE\">compte Instagram<\/a>. La s\u0153ur a\u00een\u00e9e de Serena Williams a d\u00e9voil\u00e9 une s\u00e9rie de clich\u00e9s sur lesquels elle appara\u00eet aux c\u00f4t\u00e9s de son fianc\u00e9. La tenniswoman est v\u00eatue d\u2019une robe blanche dos nu, quant \u00e0 son compagnon, il porte une chemise \u00e0 imprim\u00e9 l\u00e9opard. Le couple se montre complice et sur les derni\u00e8res photos, est v\u00eatu de tenues blanches assorties, tel de futurs mari\u00e9s. \u00abFianc\u00e9s 31\/01\/25\u00bb, a \u00e9crit Venus Williams en l\u00e9gende de la publication, confirmant ainsi que la demande en mariage a eu lieu en janvier dernier. Alors quand auront lieu les noces\u00a0? Pour le moment, l\u2019athl\u00e8te n\u2019a donn\u00e9 aucun indice \u00e0 ce sujet, partageant simplement un aper\u00e7u de son couple et du bonheur dans lequel elle vit.<\/p>\n<p class=\"fig-body-link&#10;    \">\n            \u00c0 lire aussi<br \/>\n        <a class=\"fig-body-link__link\" href=\"http:\/\/madame.lefigaro.fr\/celebrites\/actu-people\/il-n-y-aurait-pas-eu-de-serena-sans-venus-en-pleurs-serena-williams-rend-hommage-a-sa-soeur-lors-de-ses-adieux-au-tennis-20220903\" data-fig-type=\"Article\" data-gtm-custom-categorie=\"navigation\" data-gtm-custom-action=\"crossclick\" data-gtm-custom-label=\"Contextuel\" data-gtm-event=\"customEventSPE\" data-fig-domain=\"MADAME\" target=\"_blank\" rel=\"noopener\"><br \/>\n        \u00abIl n&rsquo;y aurait pas eu de Serena sans Venus\u00bb\u00a0: en pleurs, Serena Williams remercie sa s\u0153ur lors de ses adieux au tennis<\/a>\n<\/p>\n<p>                                                                \u00abIl m\u2019a vraiment encourag\u00e9e\u00bb<\/p>\n<p class=\"fig-paragraph\">Venus Williams et Andrea Preti avaient officialis\u00e9 leur relation en\u00a0<a href=\"http:\/\/madame.lefigaro.fr\/celebrites\/actu-people\/venus-williams-seins-nus-sous-une-veste-de-costume-rose-officialise-sa-relation-avec-l-acteur-italien-andrea-preti-20250226\" data-fig-type=\"Article\" data-gtm-custom-categorie=\"navigation\" data-gtm-custom-action=\"crossclick\" data-gtm-custom-label=\"Contextuel\" data-gtm-event=\"customEventSPE\" data-fig-domain=\"MADAME\" target=\"_blank\" rel=\"noopener\">f\u00e9vrier 2025, en apparaissant au d\u00e9fil\u00e9 Dsquared2 lors de la Fashion Week de Paris<\/a>. Cinq mois plus tard, alors qu\u2019elle venait de remporter le premier tour du tournoi WTA de Washington, face \u00e0 Peyton Stearns,\u00a0<a href=\"http:\/\/madame.lefigaro.fr\/celebrites\/actu-people\/venus-williams-revele-furtivement-etre-fiancee-avec-un-acteur-italien-20250723\" data-fig-type=\"Article\" data-gtm-custom-categorie=\"navigation\" data-gtm-custom-action=\"crossclick\" data-gtm-custom-label=\"Contextuel\" data-gtm-event=\"customEventSPE\" data-fig-domain=\"MADAME\" target=\"_blank\" rel=\"noopener\">la tenniswoman avait fait quelques confidences lors d\u2019une interview<\/a>. \u00abMon fianc\u00e9 est l\u00e0 et il m\u2019a vraiment encourag\u00e9e \u00e0 continuer \u00e0 jouer\u00bb, avait-elle d\u00e9clar\u00e9 r\u00e9v\u00e9lant alors que l\u2019acteur italien avait en effet d\u00e9j\u00e0 fait sa demande et qu\u2019elle l\u2019avait accept\u00e9. Discr\u00e8te sur sa vie priv\u00e9e, elle n\u2019avait pas donn\u00e9 plus de d\u00e9tails \u00e0 ce sujet. Toutefois, elle n\u2019avait pas h\u00e9sit\u00e9 \u00e0 faire l\u2019\u00e9loge de son futur mari, fervent supporter. \u00abIl m\u2019a encourag\u00e9e \u00e0 tenir bon, et c\u2019est merveilleux d\u2019\u00eatre ici. Il ne m\u2019avait jamais vue jouer\u00bb, avait-elle d\u00e9clar\u00e9. Le 6 f\u00e9vrier dernier, Andrea Preti avait d\u00e9j\u00e0 \u00e9t\u00e9 aper\u00e7u aux c\u00f4t\u00e9s de l\u2019athl\u00e8te en train de l\u2019encourager lors d\u2019un entra\u00eenement \u00e0 Rome. \u00c0 ce moment-l\u00e0, Venus Williams\u00a0<a href=\"http:\/\/madame.lefigaro.fr\/celebrites\/reperee-avec-une-bague-en-diamant-a-son-annulaire-gauche-venus-williams-est-elle-fiancee-20250207\" data-fig-type=\"Article\" data-gtm-custom-categorie=\"navigation\" data-gtm-custom-action=\"crossclick\" data-gtm-custom-label=\"Contextuel\" data-gtm-event=\"customEventSPE\" data-fig-domain=\"MADAME\" target=\"_blank\" rel=\"noopener\">portait d\u2019ailleurs une imposante bague en diamant<\/a>, un premier indice sur de probables fian\u00e7ailles. Un myst\u00e8re qui ne l\u2019est plus.<\/p>\n<p>                                        <script async src=\"\/\/www.instagram.com\/embed.js\"><\/script><\/p>\n","protected":false},"excerpt":{"rendered":"Ce mardi 2 janvier, la grande s\u0153ur de Serena Williams a partag\u00e9 plusieurs photos sur son compte Instagram,&hellip;\n","protected":false},"author":2,"featured_media":573904,"comment_status":"","ping_status":"","sticky":false,"template":"","format":"standard","meta":{"footnotes":""},"categories":[1359],"tags":[1193,58,59,30056,1011,27,973,2201],"class_list":{"0":"post-573903","1":"post","2":"type-post","3":"status-publish","4":"format-standard","5":"has-post-thumbnail","7":"category-people","8":"tag-couple","9":"tag-divertissement","10":"tag-entertainment","11":"tag-fiancailles","12":"tag-fr","13":"tag-france","14":"tag-people","15":"tag-serena-williams"},"share_on_mastodon":{"url":"https:\/\/pubeurope.com\/@fr\/115651927640988124","error":""},"_links":{"self":[{"href":"https:\/\/www.europesays.com\/fr\/wp-json\/wp\/v2\/posts\/573903","targetHints":{"allow":["GET"]}}],"collection":[{"href":"https:\/\/www.europesays.com\/fr\/wp-json\/wp\/v2\/posts"}],"about":[{"href":"https:\/\/www.europesays.com\/fr\/wp-json\/wp\/v2\/types\/post"}],"author":[{"embeddable":true,"href":"https:\/\/www.europesays.com\/fr\/wp-json\/wp\/v2\/users\/2"}],"replies":[{"embeddable":true,"href":"https:\/\/www.europesays.com\/fr\/wp-json\/wp\/v2\/comments?post=573903"}],"version-history":[{"count":0,"href":"https:\/\/www.europesays.com\/fr\/wp-json\/wp\/v2\/posts\/573903\/revisions"}],"wp:featuredmedia":[{"embeddable":true,"href":"https:\/\/www.europesays.com\/fr\/wp-json\/wp\/v2\/media\/573904"}],"wp:attachment":[{"href":"https:\/\/www.europesays.com\/fr\/wp-json\/wp\/v2\/media?parent=573903"}],"wp:term":[{"taxonomy":"category","embeddable":true,"href":"https:\/\/www.europesays.com\/fr\/wp-json\/wp\/v2\/categories?post=573903"},{"taxonomy":"post_tag","embeddable":true,"href":"https:\/\/www.europesays.com\/fr\/wp-json\/wp\/v2\/tags?post=573903"}],"curies":[{"name":"wp","href":"https:\/\/api.w.org\/{rel}","templated":true}]}}