{"id":573919,"date":"2025-12-02T20:53:15","date_gmt":"2025-12-02T20:53:15","guid":{"rendered":"https:\/\/www.europesays.com\/fr\/573919\/"},"modified":"2025-12-02T20:53:15","modified_gmt":"2025-12-02T20:53:15","slug":"lapparition-de-cette-bmw-dans-stranger-things-fait-debat","status":"publish","type":"post","link":"https:\/\/www.europesays.com\/fr\/573919\/","title":{"rendered":"L&rsquo;apparition de cette BMW dans Stranger Things fait d\u00e9bat !"},"content":{"rendered":"<p itemprop=\"description\">La BMW 733i conduite par Steve Harrington<br \/>\ndans Stranger Things fait parler d&rsquo;elle \u00e0 cause de son prix d&rsquo;achat<br \/>\nen 1983.<\/p>\n<p>EN BREF<\/p>\n<ul class=\"bloc_resume_post_list\">\n<li>La BMW 733i de 1983, conduite par Steve Harrington dans<br \/>\nStranger Things, intrigue par son incoh\u00e9rence avec le statut social<br \/>\nde sa famille.<\/li>\n<li>La voiture, un mod\u00e8le de luxe co\u00fbtant 34 300 dollars en<br \/>\n1983, semble inaccessible pour un simple lyc\u00e9en de la<br \/>\ns\u00e9rie.<\/li>\n<li>Ce myst\u00e8re autour de la BMW 733i ajoute au charme r\u00e9tro<br \/>\nde la s\u00e9rie, captivant les fans par son authenticit\u00e9.<\/li>\n<\/ul>\n<p>Non, la s\u00e9rie <strong>Stranger Things<\/strong> de<br \/>\n<strong>Netflix<\/strong> ne se limite pas aux monstres du Monde \u00e0<br \/>\nl\u00a0\u00bbEnvers. En effet, elle soigne aussi son <strong>casting<br \/>\nautomobile<\/strong>. Parmi les mod\u00e8les iconiques aper\u00e7us au fil des<br \/>\nsaisons, la <strong>BMW 733i<\/strong> de 1983 conduite par<br \/>\n<strong>Steve Harrington<\/strong> occupe une place particuli\u00e8re<br \/>\ndans le c\u0153ur des fans. Mais selon <a href=\"https:\/\/supercarblondie.com\/stranger-things-car-steve-harrington-1983-bmw-733i-price\/\" target=\"_blank\" rel=\"nofollow noopener\">SupercarBlondie<\/a>, certains ont<br \/>\nrelev\u00e9 un d\u00e9tail pour le moins incoh\u00e9rent.<\/p>\n<p>Une berline luxueuse difficile \u00e0 justifier dans Stranger<br \/>\nThings<\/p>\n<p>La <a href=\"https:\/\/www.autoplus.fr\/actualite\/bientot-des-bmw-avec-prolongateurs-dautonomie-en-europe-1411704.html\" target=\"_blank\" rel=\"noopener\"><br \/>\nBMW 733i<\/a> appara\u00eet dans la saison 4 puis dans la derni\u00e8re saison<br \/>\nde Stranger Things comme la premi\u00e8re voiture de Steve.<br \/>\nCette <strong>berline allemande<\/strong> est aussi raffin\u00e9e que<br \/>\nsportive, mais son prix pose question. Sur Reddit, plusieurs<br \/>\ninternautes ont refait les comptes. En <strong>1983<\/strong>, une<br \/>\nBMW 733i co\u00fbtait exactement <strong>34 300 dollars<\/strong> aux<br \/>\n\u00c9tats-Unis. Aujourd&rsquo;hui, cela repr\u00e9senterait environ <strong>75 500<br \/>\neuros<\/strong> en prenant en compte l&rsquo;inflation. Autrement dit, il<br \/>\ns&rsquo;agit d&rsquo;un v\u00e9hicule de luxe r\u00e9serv\u00e9 \u00e0 une client\u00e8le ais\u00e9e.<\/p>\n<p>Cependant, dans l&rsquo;univers de la s\u00e9rie, la famille de<br \/>\n<strong>Steve Harrington<\/strong> n&rsquo;est jamais pr\u00e9sent\u00e9e comme<br \/>\nparticuli\u00e8rement riche. Bien entendu, les sc\u00e9naristes n&rsquo;en font pas<br \/>\nnon plus <a href=\"https:\/\/www.autoplus.fr\/actualite\/kia-et-disney-transforment-linfodivertissement-des-themes-magiques-pour-les-familles-1408148.html\" target=\"_blank\" rel=\"noopener\"><br \/>\nune famille modeste<\/a>. Mais rien n&rsquo;indique un niveau de vie<br \/>\npermettant <strong>une telle d\u00e9pense<\/strong>. Ce d\u00e9tail a donc<br \/>\nfait na\u00eetre une l\u00e9g\u00e8re incoh\u00e9rence narrative. Comment Steve,<br \/>\n<strong>un simple lyc\u00e9en<\/strong>, peut-il se retrouver au volant<br \/>\nd&rsquo;une <strong>BMW S\u00e9rie 7<\/strong> \u00e0 seulement 17 ans ?<\/p>\n<p><img loading=\"lazy\" decoding=\"async\" aria-describedby=\"caption-attachment-1411895\" itemprop=\"thumbnailUrl\" class=\"size-large wp-image-1411895 img-responsive\" src=\"https:\/\/www.europesays.com\/fr\/wp-content\/uploads\/2025\/12\/bmw-stranger-things-768x432.jpg\" alt=\"BMW 733i\" width=\"768\" height=\"432\"  \/> \u00a9 Netflix<\/p>\n<p id=\"caption-attachment-1411895\" class=\"wp-caption-text\">La BMW<br \/>\n733i joue un r\u00f4le important dans les derni\u00e8res saisons de Stranger<br \/>\nThings.<\/p>\n<p>Ceci a amus\u00e9 les fans qui s&rsquo;interrogent depuis plusieurs saisons<br \/>\nsur le sujet. Il pourrait s&rsquo;agir d&rsquo;un <strong>cadeau familial<br \/>\nexceptionnel<\/strong>, d&rsquo;un <strong>v\u00e9hicule d&rsquo;occasion<\/strong><br \/>\nachet\u00e9 \u00e0 prix cass\u00e9 ou tout simplement d&rsquo;un choix artistique assum\u00e9<br \/>\npar les cr\u00e9ateurs. Quoi qu&rsquo;il en soit, <strong>cette BMW impose son<br \/>\ncharme \u00e0 chaque apparition<\/strong>. Elle apporte \u00e0 l&rsquo;\u00e9cran une<br \/>\ndose suppl\u00e9mentaire d&rsquo;authenticit\u00e9 r\u00e9tro.<\/p>\n<p>Une BMW 733i qui interroge<\/p>\n<p>Pour comprendre l&rsquo;attachement des fans, il faut aussi se pencher<br \/>\nsur ce qu&rsquo;\u00e9tait r\u00e9ellement la 733i de 1983. Appartenant \u00e0 la<br \/>\npremi\u00e8re g\u00e9n\u00e9ration de <a href=\"https:\/\/www.autoplus.fr\/actualite\/insolite\/couleurs-bmw-serie-7-passent-pas-1386000.html\" target=\"_blank\" rel=\"noopener\"><br \/>\nS\u00e9rie 7<\/a>, elle incarne <strong>la vision du luxe<\/strong> selon<br \/>\nBMW \u00e0 la fin des ann\u00e9es 1970 et au d\u00e9but des ann\u00e9es 1980. Produite<br \/>\nde <strong>1977<\/strong> \u00e0 <strong>1986<\/strong>, cette berline<br \/>\nrepr\u00e9sentait le sommet de la gamme bavaroise. Elle a d&rsquo;ailleurs \u00e9t\u00e9<br \/>\npens\u00e9e pour rivaliser avec les <strong>Mercedes Classe S<\/strong><br \/>\nde l&rsquo;\u00e9poque.<\/p>\n<p>Sous le capot, on retrouve un six cylindres en ligne de<br \/>\n<strong>3,2 litres<\/strong>. Ce moteur d\u00e9veloppe jusqu&rsquo;\u00e0<br \/>\n<strong>181 chevaux<\/strong>. La direction assist\u00e9e,<br \/>\nl&rsquo;insonorisation soign\u00e9e et la bo\u00eete de vitesses automatique en<br \/>\nfaisaient <strong>une machine \u00e0 avaler les kilom\u00e8tres<\/strong> avec<br \/>\nune facilit\u00e9 d\u00e9concertante.<\/p>\n<p>En bref, la s\u00e9rie Stranger Things n&rsquo;a jamais vraiment<br \/>\nexpliqu\u00e9 comment Steve a mis la main sur <a href=\"https:\/\/www.autoplus.fr\/actualite\/insolite\/volvo-island-comment-une-simple-berline-garee-en-2012-est-devenue-curiosite-mondiale-sur-google-maps-1409051.html\" target=\"_blank\" rel=\"noopener\"><br \/>\ncette berline prestigieuse<\/a>, mais ce myst\u00e8re contribue \u00e0 son<br \/>\ncharme. Cette BMW 733i est devenue <strong>une star \u00e0 part<br \/>\nenti\u00e8re<\/strong>, presque autant que certaines cr\u00e9atures<br \/>\nembl\u00e9matiques.<\/p>\n","protected":false},"excerpt":{"rendered":"La BMW 733i conduite par Steve Harrington dans Stranger Things fait parler d&rsquo;elle \u00e0 cause de son prix&hellip;\n","protected":false},"author":2,"featured_media":573920,"comment_status":"","ping_status":"","sticky":false,"template":"","format":"standard","meta":{"footnotes":""},"categories":[7],"tags":[10281,1011,27,43,40,41,39,42,44],"class_list":{"0":"post-573919","1":"post","2":"type-post","3":"status-publish","4":"format-standard","5":"has-post-thumbnail","7":"category-sciences-et-technologies","8":"tag-buzz-nonli","9":"tag-fr","10":"tag-france","11":"tag-science","12":"tag-science-and-technology","13":"tag-sciences","14":"tag-sciences-et-technologies","15":"tag-technologies","16":"tag-technology"},"share_on_mastodon":{"url":"https:\/\/pubeurope.com\/@fr\/115651962857079850","error":""},"_links":{"self":[{"href":"https:\/\/www.europesays.com\/fr\/wp-json\/wp\/v2\/posts\/573919","targetHints":{"allow":["GET"]}}],"collection":[{"href":"https:\/\/www.europesays.com\/fr\/wp-json\/wp\/v2\/posts"}],"about":[{"href":"https:\/\/www.europesays.com\/fr\/wp-json\/wp\/v2\/types\/post"}],"author":[{"embeddable":true,"href":"https:\/\/www.europesays.com\/fr\/wp-json\/wp\/v2\/users\/2"}],"replies":[{"embeddable":true,"href":"https:\/\/www.europesays.com\/fr\/wp-json\/wp\/v2\/comments?post=573919"}],"version-history":[{"count":0,"href":"https:\/\/www.europesays.com\/fr\/wp-json\/wp\/v2\/posts\/573919\/revisions"}],"wp:featuredmedia":[{"embeddable":true,"href":"https:\/\/www.europesays.com\/fr\/wp-json\/wp\/v2\/media\/573920"}],"wp:attachment":[{"href":"https:\/\/www.europesays.com\/fr\/wp-json\/wp\/v2\/media?parent=573919"}],"wp:term":[{"taxonomy":"category","embeddable":true,"href":"https:\/\/www.europesays.com\/fr\/wp-json\/wp\/v2\/categories?post=573919"},{"taxonomy":"post_tag","embeddable":true,"href":"https:\/\/www.europesays.com\/fr\/wp-json\/wp\/v2\/tags?post=573919"}],"curies":[{"name":"wp","href":"https:\/\/api.w.org\/{rel}","templated":true}]}}