{"id":573926,"date":"2025-12-02T20:57:23","date_gmt":"2025-12-02T20:57:23","guid":{"rendered":"https:\/\/www.europesays.com\/fr\/573926\/"},"modified":"2025-12-02T20:57:23","modified_gmt":"2025-12-02T20:57:23","slug":"quatre-hommes-soupconnes-du-viol-dune-adolescente-de-13-ans-dans-les-toilettes-dun-kfc-aux-halles","status":"publish","type":"post","link":"https:\/\/www.europesays.com\/fr\/573926\/","title":{"rendered":"Quatre hommes soup\u00e7onn\u00e9s du viol d\u2019une adolescente de 13 ans dans les toilettes d\u2019un KFC aux Halles"},"content":{"rendered":"<p>Le Forum des Halles est confront\u00e9 <a href=\"https:\/\/www.20minutes.fr\/faits_divers\/2201275-20180113-paris-jeune-homme-meurt-poignarde-station-metro-chatelet-halles\" class=\"c-link c-link--is-underlined\" target=\"_blank\" rel=\"noopener\">depuis plusieurs mois \u00e0 une hausse importante de la d\u00e9linquance<\/a>. Malheureusement une nouvelle affaire vient d\u2019\u00eatre r\u00e9v\u00e9l\u00e9e. Quatre hommes \u00e2g\u00e9s de 18 \u00e0 24 ans ont \u00e9t\u00e9 interpell\u00e9s, soup\u00e7onn\u00e9s du <a href=\"https:\/\/www.20minutes.fr\/dossier\/viol\" class=\"c-link c-link--is-underlined\" target=\"_blank\" rel=\"noopener\">viol<\/a> d\u2019une adolescente de 13 ans dans les toilettes d\u2019un restaurant KFC du centre de <a href=\"https:\/\/www.20minutes.fr\/paris\/\" class=\"c-link c-link--is-underlined\" target=\"_blank\" rel=\"noopener\">Paris<\/a>, indique \u00e0 20 Minutes le <a href=\"https:\/\/www.20minutes.fr\/dossier\/parquet_de_paris\" class=\"c-link c-link--is-underlined\" target=\"_blank\" rel=\"noopener\">parquet de Paris<\/a>.<\/p>\n<p>Les faits se sont d\u00e9roul\u00e9s ce lundi vers 22h45, les <a href=\"https:\/\/www.20minutes.fr\/dossier\/police\" class=\"c-link c-link--is-underlined\" target=\"_blank\" rel=\"noopener\">policiers<\/a> du commissariat \u00ab\u00a0Centre\u00a0\u00bb ont \u00e9t\u00e9 avis\u00e9s par des passants du secteur des Halles qu\u2019une jeune fille venait d\u2019\u00eatre viol\u00e9e.<\/p>\n<p>Les auteurs du viol reconnus et interpell\u00e9s<\/p>\n<p>La jeune victime avait commenc\u00e9 la soir\u00e9e avec une amie et un groupe de personnes, pr\u00e8s du restaurant <a href=\"https:\/\/www.20minutes.fr\/dossier\/mcdonald_s\" class=\"c-link c-link--is-underlined\" target=\"_blank\" rel=\"noopener\">McDonald\u2019s<\/a> du quartier de Ch\u00e2telet-Les Halles dans le centre de la capitale. Sur place, le groupe a \u00e9t\u00e9 contr\u00f4l\u00e9 par la police. Apr\u00e8s ce contr\u00f4le, l\u2019amie est rest\u00e9e avec les policiers, tandis que la victime a \u00ab\u00a0suivi le groupe au <a href=\"https:\/\/www.20minutes.fr\/dossier\/kfc\" class=\"c-link c-link--is-underlined\" target=\"_blank\" rel=\"noopener\">KFC<\/a>\u00a0\u00bb, d\u00e9taille le parquet de Paris.<\/p>\n<\/p>\n<p>\u00ab\u00a0La jeune fille a indiqu\u00e9 avoir subi des actes sexuels dans les toilettes, impos\u00e9s par quatre hommes du groupe\u00a0\u00bb, a ajout\u00e9 cette source. Ensuite, \u00ab\u00a0les policiers l\u2019ont emmen\u00e9e en patrouille et ont interpell\u00e9 sur sa reconnaissance quatre personnes dans un groupe toujours pr\u00e9sent au Forum des Halles\u00a0\u00bb.<\/p>\n<p>L\u2019enqu\u00eate a \u00e9t\u00e9 confi\u00e9e \u00e0 la Brigade de protection des mineurs<\/p>\n<p>La jeune fille a \u00e9t\u00e9 prise en charge pour des soins \u00e0 l\u2019h\u00f4pital Necker, avant de porter plainte, tandis que ses agresseurs pr\u00e9sum\u00e9s ont \u00e9t\u00e9 plac\u00e9s en garde \u00e0 vue, a pr\u00e9cis\u00e9 la source polici\u00e8re. L\u2019enqu\u00eate a \u00e9t\u00e9 confi\u00e9e \u00e0 la Brigade de protection des mineurs, sous la direction du parquet des mineurs de Paris.<\/p>\n<p>Selon la pr\u00e9fecture de police de Paris, le quartier du centre de la capitale enregistre une hausse significative des faits de d\u00e9linquance depuis avril dernier, avec un retour du niveau de violence comparable \u00e0 celui d\u2019il y a dix ans.<\/p>\n","protected":false},"excerpt":{"rendered":"Le Forum des Halles est confront\u00e9 depuis plusieurs mois \u00e0 une hausse importante de la d\u00e9linquance. Malheureusement une&hellip;\n","protected":false},"author":2,"featured_media":573927,"comment_status":"","ping_status":"","sticky":false,"template":"","format":"standard","meta":{"footnotes":""},"categories":[2],"tags":[47,11,1267,118,1011,27,662,25335,679,12,626,10857,1072,1265,799],"class_list":{"0":"post-573926","1":"post","2":"type-post","3":"status-publish","4":"format-standard","5":"has-post-thumbnail","7":"category-actualites","8":"tag-actualite","9":"tag-actualites","10":"tag-agression-sexuelle","11":"tag-faits-divers","12":"tag-fr","13":"tag-france","14":"tag-ile-de-france","15":"tag-kfc","16":"tag-mcdonalds","17":"tag-news","18":"tag-paris","19":"tag-parquet-de-paris","20":"tag-police","21":"tag-viol","22":"tag-violences-sexuelles"},"share_on_mastodon":{"url":"https:\/\/pubeurope.com\/@fr\/115651978540496066","error":""},"_links":{"self":[{"href":"https:\/\/www.europesays.com\/fr\/wp-json\/wp\/v2\/posts\/573926","targetHints":{"allow":["GET"]}}],"collection":[{"href":"https:\/\/www.europesays.com\/fr\/wp-json\/wp\/v2\/posts"}],"about":[{"href":"https:\/\/www.europesays.com\/fr\/wp-json\/wp\/v2\/types\/post"}],"author":[{"embeddable":true,"href":"https:\/\/www.europesays.com\/fr\/wp-json\/wp\/v2\/users\/2"}],"replies":[{"embeddable":true,"href":"https:\/\/www.europesays.com\/fr\/wp-json\/wp\/v2\/comments?post=573926"}],"version-history":[{"count":0,"href":"https:\/\/www.europesays.com\/fr\/wp-json\/wp\/v2\/posts\/573926\/revisions"}],"wp:featuredmedia":[{"embeddable":true,"href":"https:\/\/www.europesays.com\/fr\/wp-json\/wp\/v2\/media\/573927"}],"wp:attachment":[{"href":"https:\/\/www.europesays.com\/fr\/wp-json\/wp\/v2\/media?parent=573926"}],"wp:term":[{"taxonomy":"category","embeddable":true,"href":"https:\/\/www.europesays.com\/fr\/wp-json\/wp\/v2\/categories?post=573926"},{"taxonomy":"post_tag","embeddable":true,"href":"https:\/\/www.europesays.com\/fr\/wp-json\/wp\/v2\/tags?post=573926"}],"curies":[{"name":"wp","href":"https:\/\/api.w.org\/{rel}","templated":true}]}}