{"id":573928,"date":"2025-12-02T20:58:30","date_gmt":"2025-12-02T20:58:30","guid":{"rendered":"https:\/\/www.europesays.com\/fr\/573928\/"},"modified":"2025-12-02T20:58:30","modified_gmt":"2025-12-02T20:58:30","slug":"pour-la-sainte-barbe-et-les-fetes-de-noel-le-centre-ville-scintille","status":"publish","type":"post","link":"https:\/\/www.europesays.com\/fr\/573928\/","title":{"rendered":"pour la Sainte-Barbe et les f\u00eates de No\u00ebl, le centre-ville scintille"},"content":{"rendered":"<p>Depuis de tr\u00e8s nombreuses ann\u00e9es, Firminy s\u2019illumine pour c\u00e9l\u00e9brer la Sainte-Barbe et les f\u00eates de No\u00ebl.<\/p>\n<p>La tradition se poursuit \u00e9videmment en 2025, \u00e0 la fois avec l\u2019\u00e9clairage de certains b\u00e2timents de la ville mais \u00e9galement des rues. \u00ab\u00a0C\u2019est la seule ville du coin qui met autant de moyens\u00a0\u00bb, assure Herv\u00e9 Recorbet, technicien de la Scop st\u00e9phanoise Yes High Tech.<\/p>\n<p>La soci\u00e9t\u00e9, d\u00e9tenue par ses 13 salari\u00e9s, a install\u00e9 autour de la troisi\u00e8me semaine de novembre tout le mat\u00e9riel n\u00e9cessaire pour \u00e9clairer les fa\u00e7ades de l\u2019h\u00f4tel de ville et de l\u2019\u00e9glise Saint-Firmin ainsi que l\u2019int\u00e9rieur de l\u2019\u00e9difice religieux.<\/p>\n<p>Cent trente projecteurs ont \u00e9t\u00e9 mis en place\u00a0: 52 pour illuminer le b\u00e2timent municipal et 78 \u00e0 l\u2019int\u00e9rieur et \u00e0 l\u2019ext\u00e9rieur de l\u2019\u00e9glise.<\/p>\n<p>  Mise en lumi\u00e8re vendredi soir<\/p>\n<p>La mise en lumi\u00e8re est pr\u00e9vue vendredi 5\u00a0d\u00e9cembre, lorsque le d\u00e9fil\u00e9 de la Sainte-Barbe arrivera place du Breuil, avant une procession pour une c\u00e9r\u00e9monie religieuse.<\/p>\n<p>Depuis la crise \u00e9nerg\u00e9tique, <a href=\"https:\/\/www.leprogres.fr\/economie\/2022\/11\/29\/economies-d-energie-la-ville-rogne-sur-l-eclairage-public\" target=\"_blank\" rel=\"noopener\">la Ville concentre les illuminations sur le centre-ville<\/a> mais, pendant longtemps, la Bourse du travail, les \u00e9glises du Mas, du Corbusier puis de Chazeau scintillaient aussi \u00e0 l\u2019approche de la fin d\u2019ann\u00e9e.<\/p>\n<p>Une trentaine de milliers d\u2019euros sont toujours investis pour faire briller le c\u0153ur de la cit\u00e9 appelouse au bonheur des habitants. \u00ab\u00a0Les gens appr\u00e9cient. Chaque fois qu\u2019on installe le mat\u00e9riel, des habitants s\u2019arr\u00eatent et nous remercient. Le dernier soir, quand je finalise les r\u00e9glages depuis mon camion, les pi\u00e9tons prennent des photos\u00a0\u00bb, sourit Herv\u00e9 Recorbet. Ils sont donc quelques Appelous \u00e0 avoir d\u00e9couvert en exclusivit\u00e9 une partie du spectacle propos\u00e9 cette ann\u00e9e sur les deux b\u00e2timents voisins. Un secret que nous avons tent\u00e9 de percer mais qui restera bien gard\u00e9 jusqu\u2019\u00e0 ce vendredi.<\/p>\n<p>  Un spectacle synchronis\u00e9 projet\u00e9 sur l\u2019h\u00f4tel de ville et l\u2019\u00e9glise Saint-Firmin<\/p>\n<p>La s\u00e9ance d\u2019une dur\u00e9e d\u2019environ cinq minutes sera projet\u00e9e en boucle jusqu\u2019\u00e0 d\u00e9but janvier, de 17\u00a0h\u00a030 \u00e0 22\u00a0h\u00a030, et jusqu\u2019\u00e0 1\u00a0h\u00a030 le soir de No\u00ebl et du r\u00e9veillon du Jour de l\u2019An, comme pour le reste des illuminations en ville. \u00ab\u00a0Depuis deux ans, les b\u00e2timents sont synchronis\u00e9s, on peut faire passer les images de l\u2019un \u00e0 l\u2019autre, certains projecteurs mettent en relief l\u2019architecture, d\u2019autres font tourner les images, les agrandissent, les r\u00e9duisent\u00a0\u00bb, d\u00e9taille Herv\u00e9 Recorbet.<\/p>\n<p>\u00ab\u00a0Les deux sont en corr\u00e9lation\u00a0\u00bb, confirme Yanick Lipowski, responsable du service B\u00e2timent et \u00e9clairage public de la Ville de Firminy, dont les employ\u00e9s se sont charg\u00e9s de mettre en lumi\u00e8re l\u2019\u00e9glise de Chazeau et la Bourse du travail, avec moins de moyens et d\u2019effets que ceux mis en \u0153uvre pour les deux b\u00e2timents \u00e9difices bordant la place du Breuil.<\/p>\n<p>  Tout au LED depuis 2018<\/p>\n<p>Le reste des d\u00e9corations est \u00e9galement install\u00e9 en r\u00e9gie par les agents municipaux. Cela commence d\u00e8s la fin de la vogue. \u00ab\u00a0Il faut cinq bonnes semaines\u00a0\u00bb, en plus du travail quotidien, au service (deux nacelles et deux personnes) pour l\u2019installation de quelque 300 \u00e9l\u00e9ments.<\/p>\n<p>\u00ab\u00a0C\u2019est un peu plus dur rue Jean-Jaur\u00e8s avec la circulation. On le fait souvent le lundi quand les commerces sont ferm\u00e9s.\u00a0\u00bb Pr\u00e8s de 6\u00a0500 lampes et \u00e9clairages en tout genre, 3,3\u00a0km de guirlandes et pr\u00e8s de 4,5\u00a0km de cordons lumineux sont pr\u00eats \u00e0 \u00eatre mis en service, tout comme \u00e0 Fraisses, que les employ\u00e9s du centre technique municipal appelou accrochent les d\u00e9corations chaque ann\u00e9e par le biais d\u2019une convention.<\/p>\n<p>D\u00e9corations d\u00e9sormais propri\u00e9t\u00e9s de la commune, qui les a achet\u00e9es. \u00ab\u00a0Les locations pour un mois ou deux co\u00fbtent tr\u00e8s cher et les fournisseurs les revendent apr\u00e8s \u00e0 des prix tr\u00e8s attractifs allant jusqu\u2019\u00e0 &#8211; 70\u00a0%\u00a0\u00bb, indique le responsable. \u00ab\u00a0Depuis 2018, tous les objets sont \u00e0 LED (DEL\u00a0: diode \u00e9lectroluminescente, en fran\u00e7ais), ce qui permet d\u2019avoir \u00ab\u00a0une ville illumin\u00e9e tout en r\u00e9duisant le budget\u00a0\u00bb, avec \u00ab\u00a0moins de consommation et moins d\u2019entretien\u00a0\u00bb. Rendez-vous d\u00e8s 18\u00a0h\u00a030, ce vendredi.<\/p>\n","protected":false},"excerpt":{"rendered":"Depuis de tr\u00e8s nombreuses ann\u00e9es, Firminy s\u2019illumine pour c\u00e9l\u00e9brer la Sainte-Barbe et les f\u00eates de No\u00ebl. La tradition&hellip;\n","protected":false},"author":2,"featured_media":573929,"comment_status":"","ping_status":"","sticky":false,"template":"","format":"standard","meta":{"footnotes":""},"categories":[9653],"tags":[1111,11,2430,1687,7539,1777,674,3326,10282,10283,1011,27,12,25,4001,104],"class_list":{"0":"post-573928","1":"post","2":"type-post","3":"status-publish","4":"format-standard","5":"has-post-thumbnail","7":"category-saint-etienne","8":"tag-actu","9":"tag-actualites","10":"tag-auvergne-rhone-alpes","11":"tag-culture-loisirs","12":"tag-edition-loire-sud","13":"tag-eu","14":"tag-europe","15":"tag-fete-locale","16":"tag-firminy","17":"tag-firminy-ville","18":"tag-fr","19":"tag-france","20":"tag-news","21":"tag-republique-francaise","22":"tag-saint-etienne","23":"tag-societe"},"share_on_mastodon":{"url":"https:\/\/pubeurope.com\/@fr\/115651982506590995","error":""},"_links":{"self":[{"href":"https:\/\/www.europesays.com\/fr\/wp-json\/wp\/v2\/posts\/573928","targetHints":{"allow":["GET"]}}],"collection":[{"href":"https:\/\/www.europesays.com\/fr\/wp-json\/wp\/v2\/posts"}],"about":[{"href":"https:\/\/www.europesays.com\/fr\/wp-json\/wp\/v2\/types\/post"}],"author":[{"embeddable":true,"href":"https:\/\/www.europesays.com\/fr\/wp-json\/wp\/v2\/users\/2"}],"replies":[{"embeddable":true,"href":"https:\/\/www.europesays.com\/fr\/wp-json\/wp\/v2\/comments?post=573928"}],"version-history":[{"count":0,"href":"https:\/\/www.europesays.com\/fr\/wp-json\/wp\/v2\/posts\/573928\/revisions"}],"wp:featuredmedia":[{"embeddable":true,"href":"https:\/\/www.europesays.com\/fr\/wp-json\/wp\/v2\/media\/573929"}],"wp:attachment":[{"href":"https:\/\/www.europesays.com\/fr\/wp-json\/wp\/v2\/media?parent=573928"}],"wp:term":[{"taxonomy":"category","embeddable":true,"href":"https:\/\/www.europesays.com\/fr\/wp-json\/wp\/v2\/categories?post=573928"},{"taxonomy":"post_tag","embeddable":true,"href":"https:\/\/www.europesays.com\/fr\/wp-json\/wp\/v2\/tags?post=573928"}],"curies":[{"name":"wp","href":"https:\/\/api.w.org\/{rel}","templated":true}]}}