{"id":573935,"date":"2025-12-02T21:04:12","date_gmt":"2025-12-02T21:04:12","guid":{"rendered":"https:\/\/www.europesays.com\/fr\/573935\/"},"modified":"2025-12-02T21:04:12","modified_gmt":"2025-12-02T21:04:12","slug":"toulon-meteo-mercredi-en-region-sud-un-temps-perturbe-avec-pluie-et-neige","status":"publish","type":"post","link":"https:\/\/www.europesays.com\/fr\/573935\/","title":{"rendered":"TOULON : M\u00e9t\u00e9o &#8211; Mercredi, en r\u00e9gion Sud, un temps perturb\u00e9 avec pluie et neige"},"content":{"rendered":"<p><strong>Ce mercredi, la r\u00e9gion Sud retrouve un temps perturb\u00e9 avec pluie et neige, accompagn\u00e9 d\u2019un vent d\u2019est soutenu proche de 70 km\/h. <\/strong><\/p>\n<p>La neige appara\u00eet d\u00e8s 1000 m d\u2019altitude. Les temp\u00e9ratures vont de 4\u00b0 \u00e0 12\u00b0 au lever du jour. Cet apr\u00e8s-midi, sous un ciel souvent d\u00e9j\u00e0 sombre et encore humide, comptez 6\u00b0 \u00e0\u00a0<strong data-end=\"311\" data-start=\"302\">Digne<\/strong>, 8\u00b0 \u00e0\u00a0<strong data-end=\"330\" data-start=\"318\">Manosque<\/strong>, 9\u00b0 \u00e0\u00a0<strong data-end=\"348\" data-start=\"337\">Avignon<\/strong>, 11\u00b0 sur\u00a0<strong data-end=\"377\" data-start=\"358\">Aix-en-Provence<\/strong>,\u00a0<strong data-end=\"397\" data-start=\"379\">Saint-Victoret<\/strong>,\u00a0<strong data-end=\"410\" data-start=\"399\">Le Rove<\/strong>\u00a0et\u00a0<strong data-end=\"427\" data-start=\"414\">Marseille<\/strong>, puis 12\u00b0 \u00e0\u00a0<strong data-end=\"453\" data-start=\"440\">La Ciotat<\/strong>,\u00a0<strong data-end=\"465\" data-start=\"455\">Bandol<\/strong>,\u00a0<strong data-end=\"480\" data-start=\"467\">Six-Fours-les-Plages<\/strong>,\u00a0<strong data-end=\"492\" data-start=\"482\">Toulon<\/strong>,\u00a0<strong data-end=\"504\" data-start=\"494\">Hy\u00e8res<\/strong>,\u00a0<strong data-end=\"518\" data-start=\"506\">La Londe-les-Maures <\/strong>et\u00a0<strong data-end=\"535\" data-start=\"522\">Cavalaire-sur-Mer<\/strong>.<\/p>\n<p><strong>ComLaRadio\u00a0<\/strong><br \/><strong>Thierry\u00a0CARI<\/strong><br \/><strong>Voix Off<\/strong><br \/><strong>Animateur \/ pr\u00e9sentateur<\/strong><br \/><strong>Contact@thierrycari.com<\/strong><br \/><strong>www.thierrycari.com<\/strong><\/p>\n","protected":false},"excerpt":{"rendered":"Ce mercredi, la r\u00e9gion Sud retrouve un temps perturb\u00e9 avec pluie et neige, accompagn\u00e9 d\u2019un vent d\u2019est soutenu&hellip;\n","protected":false},"author":2,"featured_media":34790,"comment_status":"","ping_status":"","sticky":false,"template":"","format":"standard","meta":{"footnotes":""},"categories":[9619],"tags":[1111,11,1777,674,1011,27,12,882,25,2310],"class_list":{"0":"post-573935","1":"post","2":"type-post","3":"status-publish","4":"format-standard","5":"has-post-thumbnail","7":"category-toulon","8":"tag-actu","9":"tag-actualites","10":"tag-eu","11":"tag-europe","12":"tag-fr","13":"tag-france","14":"tag-news","15":"tag-provence-alpes-cote-dazur","16":"tag-republique-francaise","17":"tag-toulon"},"share_on_mastodon":{"url":"https:\/\/pubeurope.com\/@fr\/115652006047786754","error":""},"_links":{"self":[{"href":"https:\/\/www.europesays.com\/fr\/wp-json\/wp\/v2\/posts\/573935","targetHints":{"allow":["GET"]}}],"collection":[{"href":"https:\/\/www.europesays.com\/fr\/wp-json\/wp\/v2\/posts"}],"about":[{"href":"https:\/\/www.europesays.com\/fr\/wp-json\/wp\/v2\/types\/post"}],"author":[{"embeddable":true,"href":"https:\/\/www.europesays.com\/fr\/wp-json\/wp\/v2\/users\/2"}],"replies":[{"embeddable":true,"href":"https:\/\/www.europesays.com\/fr\/wp-json\/wp\/v2\/comments?post=573935"}],"version-history":[{"count":0,"href":"https:\/\/www.europesays.com\/fr\/wp-json\/wp\/v2\/posts\/573935\/revisions"}],"wp:featuredmedia":[{"embeddable":true,"href":"https:\/\/www.europesays.com\/fr\/wp-json\/wp\/v2\/media\/34790"}],"wp:attachment":[{"href":"https:\/\/www.europesays.com\/fr\/wp-json\/wp\/v2\/media?parent=573935"}],"wp:term":[{"taxonomy":"category","embeddable":true,"href":"https:\/\/www.europesays.com\/fr\/wp-json\/wp\/v2\/categories?post=573935"},{"taxonomy":"post_tag","embeddable":true,"href":"https:\/\/www.europesays.com\/fr\/wp-json\/wp\/v2\/tags?post=573935"}],"curies":[{"name":"wp","href":"https:\/\/api.w.org\/{rel}","templated":true}]}}