{"id":573938,"date":"2025-12-02T21:06:12","date_gmt":"2025-12-02T21:06:12","guid":{"rendered":"https:\/\/www.europesays.com\/fr\/573938\/"},"modified":"2025-12-02T21:06:12","modified_gmt":"2025-12-02T21:06:12","slug":"exclu-midol-transferts-top-14-usap-la-venue-de-reus-montpellier-finalisee","status":"publish","type":"post","link":"https:\/\/www.europesays.com\/fr\/573938\/","title":{"rendered":"Exclu Midol. Transferts \/ Top 14 \u2013 Usap\u00a0: la venue de Reus (Montpellier) finalis\u00e9e"},"content":{"rendered":"<p>\n                Apr\u00e8s des semaines de discussions, le club sang et or vient, selon nos informations, de trouver un accord avec Montpellier pour obtenir l\u2019engagement de Hugo Reus (21 ans). L\u2019ancien international U20 va finir la saison en Catalogne avant de rejoindre Bordeaux-B\u00e8gles l\u2019\u00e9t\u00e9 prochain.\n            <\/p>\n<p>Hugo Reus (21 ans) va bel et bien devenir un joueur de l\u2019Usap et ce, jusqu\u2019\u00e0 la fin de la saison. Apr\u00e8s des semaines de n\u00e9gociations, le club catalan est, selon nos informations, parvenu \u00e0 trouver un accord avec Montpellier au sujet de la lib\u00e9ration du jeune ouvreur.<\/p>\n<p>Le club catalan devrait verser une indemnit\u00e9 avoisinant les 50\u00a0000\u00a0\u20ac au MHR. L\u2019arriv\u00e9e en Catalogne de l\u2019ancien Rochelais est attendue dans le courant de la semaine. Avec les\u00a0indisponibilit\u00e9s prolong\u00e9es de Jake McIntyre (genou, possible fin de saison) et Antoine Aucagne (dos, retour courant d\u00e9cembre) et les blessures, plus r\u00e9centes, de Tristan Tedder (\u00e9paule) et Tommaso Allan (bras), tous deux \u00e9cart\u00e9s au moins jusqu\u2019en janvier, le club catalan \u00e9tait depuis des semaines en qu\u00eate de nouvelles solutions au poste.<\/p>\n<p>111 minutes de jeu seulement<\/p>\n<p>Apr\u00e8s avoir fait\u00a0sortir Benjamin Urdapilleta de sa retraite argentine, en novembre, l\u2019actuelle lanterne rouge du Top 14 obtient ainsi le renfort attendu en num\u00e9ro\u00a010. Pour Hugo Reus, ce sera l\u2019occasion de se relancer apr\u00e8s un d\u00e9but de saison frustrant (seulement 111 minutes de jeu \u00e0 son actif) et avant de rebondir \u00e0 Bordeaux-B\u00e8gles, \u00e0 compter de juillet prochain.<\/p>\n<p>Hugo Reus, qui va ainsi d\u00e9couvrir un troisi\u00e8me club de l\u2019\u00e9lite apr\u00e8s La\u00a0Rochelle et Montpellier, aura deux semaines de Challenge europ\u00e9en pour s\u2019int\u00e9grer \u00e0 sa nouvelle \u00e9quipe avant de passer aux choses s\u00e9rieuses, possiblement d\u00e8s la venue de Clermont, le 20\u00a0d\u00e9cembre, \u00e0 Aim\u00e9-Giral.<\/p>\n","protected":false},"excerpt":{"rendered":"Apr\u00e8s des semaines de discussions, le club sang et or vient, selon nos informations, de trouver un accord&hellip;\n","protected":false},"author":2,"featured_media":573939,"comment_status":"","ping_status":"","sticky":false,"template":"","format":"standard","meta":{"footnotes":""},"categories":[9599],"tags":[1111,11,1777,674,1011,27,2208,12,2680,25,10662],"class_list":{"0":"post-573938","1":"post","2":"type-post","3":"status-publish","4":"format-standard","5":"has-post-thumbnail","7":"category-montpellier","8":"tag-actu","9":"tag-actualites","10":"tag-eu","11":"tag-europe","12":"tag-fr","13":"tag-france","14":"tag-montpellier","15":"tag-news","16":"tag-occitanie","17":"tag-republique-francaise","18":"tag-transferts"},"share_on_mastodon":{"url":"https:\/\/pubeurope.com\/@fr\/115652013940279821","error":""},"_links":{"self":[{"href":"https:\/\/www.europesays.com\/fr\/wp-json\/wp\/v2\/posts\/573938","targetHints":{"allow":["GET"]}}],"collection":[{"href":"https:\/\/www.europesays.com\/fr\/wp-json\/wp\/v2\/posts"}],"about":[{"href":"https:\/\/www.europesays.com\/fr\/wp-json\/wp\/v2\/types\/post"}],"author":[{"embeddable":true,"href":"https:\/\/www.europesays.com\/fr\/wp-json\/wp\/v2\/users\/2"}],"replies":[{"embeddable":true,"href":"https:\/\/www.europesays.com\/fr\/wp-json\/wp\/v2\/comments?post=573938"}],"version-history":[{"count":0,"href":"https:\/\/www.europesays.com\/fr\/wp-json\/wp\/v2\/posts\/573938\/revisions"}],"wp:featuredmedia":[{"embeddable":true,"href":"https:\/\/www.europesays.com\/fr\/wp-json\/wp\/v2\/media\/573939"}],"wp:attachment":[{"href":"https:\/\/www.europesays.com\/fr\/wp-json\/wp\/v2\/media?parent=573938"}],"wp:term":[{"taxonomy":"category","embeddable":true,"href":"https:\/\/www.europesays.com\/fr\/wp-json\/wp\/v2\/categories?post=573938"},{"taxonomy":"post_tag","embeddable":true,"href":"https:\/\/www.europesays.com\/fr\/wp-json\/wp\/v2\/tags?post=573938"}],"curies":[{"name":"wp","href":"https:\/\/api.w.org\/{rel}","templated":true}]}}