{"id":573942,"date":"2025-12-02T21:10:47","date_gmt":"2025-12-02T21:10:47","guid":{"rendered":"https:\/\/www.europesays.com\/fr\/573942\/"},"modified":"2025-12-02T21:10:47","modified_gmt":"2025-12-02T21:10:47","slug":"grenoble-une-famille-en-detresse-vit-dans-la-rue-la-mobilisation-monte-letat-est-defaillant","status":"publish","type":"post","link":"https:\/\/www.europesays.com\/fr\/573942\/","title":{"rendered":"Grenoble. Une famille en d\u00e9tresse vit dans la rue, la mobilisation monte : \u00ab\u00a0L&rsquo;\u00c9tat est d\u00e9faillant\u00a0\u00bb"},"content":{"rendered":"<p>                    Par<br \/>\n        <strong><br \/>\n            <a href=\"https:\/\/actu.fr\/auteur\/julien-sournies\" title=\"Consulter tous les articles de Julien Sournies\" target=\"_blank\" rel=\"noopener\">Julien Sournies<\/a><br \/>\n                    <\/strong><\/p>\n<p>        Publi\u00e9 le<\/p>\n<p>            2 d\u00e9c. 2025 \u00e0 17h30        <\/p>\n<p>\u00ab\u2009Dans cette affaire, l\u2019\u00c9tat est clairement d\u00e9faillant\u2009\u00bb, s\u2019exasp\u00e8re une professeure du coll\u00e8ge Vercors \u00e0 <a href=\"https:\/\/actu.fr\/auvergne-rhone-alpes\/grenoble_38185\" target=\"_blank\" rel=\"noopener\">Grenoble<\/a> (<a href=\"https:\/\/actu.fr\/auvergne-rhone-alpes\/isere_38\" target=\"_blank\" rel=\"noopener\">Is\u00e8re<\/a>). Depuis ce lundi 1er d\u00e9cembre 2025, un camp de fortune a pris ses quartiers devant l\u2019\u00e9tablissement scolaire pour alerter sur la situation d\u2019une famille angolaise<strong> actuellement \u00e0 la rue<\/strong>.<\/p>\n<p class=\" wall-content\">Arriv\u00e9e en France fin ao\u00fbt, cette famille de six personnes, compos\u00e9e de quatre enfants, dont deux sont scolaris\u00e9es en 6\u1d49 et 3e au coll\u00e8ge Vercors, a pourtant fait une demande d\u2019asile mi-septembre, laquelle est toujours en attente. \u00ab\u2009Dans ce cadre, elle a droit \u00e0 un h\u00e9bergement, mais<strong> aucune proposition leur a \u00e9t\u00e9 faite<\/strong>. Rien de tout cela n\u2019est mis en place \u00e0 ce jour\u2009\u00bb, d\u00e9plore la professeure.<\/p>\n<p>    <a href=\"https:\/\/www.google.com\/maps\/embed?pb=!1m18!1m12!1m3!1d2017.811138501128!2d5.741055474776187!3d45.17728795253839!2m3!1f0!2f0!3f0!3m2!1i1024!2i768!4f13.1!3m3!1m2!1s0x478af4e65cd38b4d%3A0x19e6266546c6f62a!2sColl%C3%A8ge%20Vercors!5e1!3m2!1sfr!2sfr!4v1764684868627!5m2!1sfr!2sfr\" title=\"Ouvrie le lien\" target=\"_blank\" rel=\"noopener\">Cliquez ici pour visualiser le contenu<\/a><\/p>\n<p>\u00ab\u2009Ils n\u2019ont toujours pas re\u00e7u un seul euro sur leur carte, ce n\u2019est pas normal\u2009\u00bb<\/p>\n<p class=\" wall-content\">\u00ab\u2009Ils ont aussi droit \u00e0 une allocation de demande d\u2019asile, puisqu\u2019ils n\u2019ont pas le droit de bosser, mais ils n\u2019ont toujours pas re\u00e7u un seul euro sur leur carte. Ce n\u2019est pas normal\u2009\u00bb, poursuit-elle.<\/p>\n<p class=\" wall-content\">Pendant tout ce temps, la famille a toutefois pu se trouver un toit \u00e0 la faveur de l\u2019hospitalit\u00e9 de certaines personnes, mais elle s\u2019est rapidement retrouv\u00e9e \u00e0 bout de solution. \u00ab\u2009H\u00e9berger six personnes, ce n\u2019est pas \u00e9vident. Parfois,<strong> ils n\u2019\u00e9taient pas tous log\u00e9s au m\u00eame endroit<\/strong>. Et hier, ils n\u2019avaient aucune solution\u2009\u00bb, explique la professeure.<\/p>\n<p>    <a href=\"https:\/\/www.facebook.com\/plugins\/post.php?href=https%3A%2F%2Fwww.facebook.com%2Fallan.brunon.1%2Fposts%2Fpfbid02igGwhMMH77ip52CjQ43f28VHoELWPUKi7aACpfmiAtLWcx9xuNuMQhod79EjxgDBl&amp;show_text=true&amp;width=350\" title=\"Ouvrie le lien\" target=\"_blank\" rel=\"noopener\">Cliquez ici pour visualiser le contenu<\/a><\/p>\n<p class=\" wall-content\">S\u2019il a tent\u00e9 de les mettre \u00e0 l\u2019abri au sein de l\u2019\u00e9tablissement, le personnel du coll\u00e8ge Vercors s\u2019est heurt\u00e9 \u00e0 un refus de la part des autorit\u00e9s administratives.<\/p>\n<blockquote class=\"ac-article-quote wall-content\">\n<p>\u00c0 cela on nous r\u00e9pond que les forces de l\u2019ordre peuvent \u00eatre envoy\u00e9es pour d\u00e9loger les occupants et qu\u2019un d\u00e9p\u00f4t de plainte serait effectu\u00e9 contre les personnels ayant soutenu la famille. On n&rsquo;a donc pas voulu prendre de risque.<\/p>\n<p>    <strong>Professeure du coll\u00e8ge Vercors<\/strong>\n            <\/p><\/blockquote>\n<p>Votre r\u00e9gion, votre actu !<\/p>\n<p>Recevez chaque jour les infos qui comptent pour vous.<\/p>\n<p>\t<a href=\"https:\/\/actu.fr\/newsletter\" class=\"ac-btn ac-btn--corner ac-btn--medium ac-btn--blue800\" target=\"_blank\" rel=\"noopener\">S&rsquo;incrire<\/a><br \/>\n\u00ab\u2009Nous appelons les autorit\u00e9s comp\u00e9tentes \u00e0 jouer leur r\u00f4le\u2009\u00bb<\/p>\n<p class=\" wall-content\">En guise de soutien \u00e0 cette famille en \u00ab\u2009d\u00e9tresse\u2009\u00bb, une dizaine de personnes s\u2019est ainsi r\u00e9unie aupr\u00e8s de la famille en dormant dehors cette nuit. En d\u00e9pit d\u2019une premi\u00e8re mobilisation, qui s\u2019est tenue ce mardi matin devant le coll\u00e8ge et suivie par le candidat LFI \u00e0 la mairie de Grenoble, <a href=\"https:\/\/actu.fr\/auvergne-rhone-alpes\/grenoble_38185\/municipales-a-grenoble-allan-brunon-candidat-lfi-on-ne-fera-pas-la-chasse-aux-dealers_63459101.html\" target=\"_blank\" rel=\"noopener\">Allan Brunon<\/a>, aucune issue favorable n\u2019a encore \u00e9t\u00e9 trouv\u00e9e.<\/p>\n<p class=\" wall-content\">\u00ab\u2009Mais le temps presse. Je ne vois pas comment une famille avec un enfant de 7, 11, 14 et 17\u00a0ans peut continuer \u00e0 vivre dehors en plein hiver. Nous appelons les autorit\u00e9s comp\u00e9tentes \u00e0<strong> jouer leur r\u00f4le<\/strong> en trouvant de toute urgence une solution pour garantir une mise \u00e0 l\u2019abri imm\u00e9diate\u2009\u00bb, ajoute la professeure.<\/p>\n<p class=\" wall-content\">En attendant que la situation se d\u00e9cante, un nouveau rassemblement va avoir lieu ce mardi 2\u00a0d\u00e9cembre sur les coups de 19h30, suivi d\u2019une deuxi\u00e8me nuit de solidarit\u00e9.<\/p>\n<p class=\" wall-content\">Contact\u00e9e par notre r\u00e9daction, la pr\u00e9fecture de l\u2019Is\u00e8re n\u2019a pas donn\u00e9 suite \u00e0 nos sollicitations.<\/p>\n<p class=\" wall-content\">Personnalisez votre actualit\u00e9 en ajoutant vos villes et m\u00e9dias en favori avec <a href=\"https:\/\/moncompte.actu.fr\" title=\"D\u00e9couvez Mon Actu\" rel=\"nofollow noopener\" data-trk=\"{&quot;cta&quot;:{&quot;action&quot;:&quot;https:\\\/\\\/moncompte.actu.fr&quot;,&quot;category&quot;:&quot;mon compte&quot;,&quot;from&quot;:&quot;article footer&quot;,&quot;name&quot;:&quot;Mon actu&quot;,&quot;type&quot;:&quot;cta&quot;}}\" target=\"_blank\">Mon Actu<\/a>.<\/p>\n","protected":false},"excerpt":{"rendered":"Par Julien Sournies Publi\u00e9 le 2 d\u00e9c. 2025 \u00e0 17h30 \u00ab\u2009Dans cette affaire, l\u2019\u00c9tat est clairement d\u00e9faillant\u2009\u00bb, s\u2019exasp\u00e8re&hellip;\n","protected":false},"author":2,"featured_media":573943,"comment_status":"","ping_status":"","sticky":false,"template":"","format":"standard","meta":{"footnotes":""},"categories":[9566],"tags":[1111,11,2430,1719,1777,674,1011,27,2731,6459,12,25,104],"class_list":{"0":"post-573942","1":"post","2":"type-post","3":"status-publish","4":"format-standard","5":"has-post-thumbnail","7":"category-grenoble","8":"tag-actu","9":"tag-actualites","10":"tag-auvergne-rhone-alpes","11":"tag-enfants","12":"tag-eu","13":"tag-europe","14":"tag-fr","15":"tag-france","16":"tag-grenoble","17":"tag-logements-sociaux","18":"tag-news","19":"tag-republique-francaise","20":"tag-societe"},"share_on_mastodon":{"url":"https:\/\/pubeurope.com\/@fr\/115652033429712007","error":""},"_links":{"self":[{"href":"https:\/\/www.europesays.com\/fr\/wp-json\/wp\/v2\/posts\/573942","targetHints":{"allow":["GET"]}}],"collection":[{"href":"https:\/\/www.europesays.com\/fr\/wp-json\/wp\/v2\/posts"}],"about":[{"href":"https:\/\/www.europesays.com\/fr\/wp-json\/wp\/v2\/types\/post"}],"author":[{"embeddable":true,"href":"https:\/\/www.europesays.com\/fr\/wp-json\/wp\/v2\/users\/2"}],"replies":[{"embeddable":true,"href":"https:\/\/www.europesays.com\/fr\/wp-json\/wp\/v2\/comments?post=573942"}],"version-history":[{"count":0,"href":"https:\/\/www.europesays.com\/fr\/wp-json\/wp\/v2\/posts\/573942\/revisions"}],"wp:featuredmedia":[{"embeddable":true,"href":"https:\/\/www.europesays.com\/fr\/wp-json\/wp\/v2\/media\/573943"}],"wp:attachment":[{"href":"https:\/\/www.europesays.com\/fr\/wp-json\/wp\/v2\/media?parent=573942"}],"wp:term":[{"taxonomy":"category","embeddable":true,"href":"https:\/\/www.europesays.com\/fr\/wp-json\/wp\/v2\/categories?post=573942"},{"taxonomy":"post_tag","embeddable":true,"href":"https:\/\/www.europesays.com\/fr\/wp-json\/wp\/v2\/tags?post=573942"}],"curies":[{"name":"wp","href":"https:\/\/api.w.org\/{rel}","templated":true}]}}