{"id":573944,"date":"2025-12-02T21:12:38","date_gmt":"2025-12-02T21:12:38","guid":{"rendered":"https:\/\/www.europesays.com\/fr\/573944\/"},"modified":"2025-12-02T21:12:38","modified_gmt":"2025-12-02T21:12:38","slug":"tout-est-pret-mais-toujours-pas-de-date-douverture","status":"publish","type":"post","link":"https:\/\/www.europesays.com\/fr\/573944\/","title":{"rendered":"tout est pr\u00eat, mais toujours pas de date d\u2019ouverture"},"content":{"rendered":"<p class=\"xsm-p emxed-markup\">Les rayons sont pleins, les mannequins sont habill\u00e9s, l\u2019espace caisses est pr\u00eat et des salari\u00e9s s\u2019affairent derri\u00e8re\u2026 Au troisi\u00e8me \u00e9tage du BHV Grenoble, le corner Shein semble \u00eatre dans les starting-block pour\u00a0accueillir le public. Sauf que pour l\u2019heure, aucune date n\u2019a \u00e9t\u00e9 annonc\u00e9e, comme le confirme le panneau situ\u00e9 \u00e0 l\u2019entr\u00e9e de la zone d\u00e9di\u00e9e \u00e0 la marque de fast-fashion chinoise qui indique la boutique \u00ab\u00a0ouvrira prochainement\u00a0\u00bb.<\/p>\n<p class=\"xsm-p emxed-markup\">Initialement pr\u00e9vue le 18\u00a0novembre, puis le 21, la Soci\u00e9t\u00e9 des grands magasins (SGM) avait finalement annonc\u00e9 mi-novembre d\u00e9caler \u00ab\u00a0de quelques jours ou de quelques semaines\u00a0\u00bb l\u2019ouverture des corners Shein dans les cinq BHV de r\u00e9gion, dont <a href=\"https:\/\/www.ledauphine.com\/economie\/2025\/11\/13\/quand-je-vois-les-lettres-au-sol-ca-me-fait-quelque-chose-l-enseigne-des-galeries-lafayette-retiree-place-a-shein-et-au-bhv\" target=\"_blank\" rel=\"noopener\">celui de Grenoble<\/a>.<\/p>\n<p class=\"xsm-p emxed-markup\">Fr\u00e9d\u00e9ric Merlin, le patron de SGM, avait assur\u00e9 qu\u2019il s\u2019agissait d\u2019\u00ab\u00a0un report pour faire mieux\u00a0\u00bb, les magasins Shein en province \u00e9tant\u00a0sans doute trop petits. \u00ab\u00a0On travaille \u00e0 des espaces un peu plus importants\u00a0\u00bb, avait ajout\u00e9 le dirigeant.<\/p>\n","protected":false},"excerpt":{"rendered":"Les rayons sont pleins, les mannequins sont habill\u00e9s, l\u2019espace caisses est pr\u00eat et des salari\u00e9s s\u2019affairent derri\u00e8re\u2026 Au&hellip;\n","protected":false},"author":2,"featured_media":573945,"comment_status":"","ping_status":"","sticky":false,"template":"","format":"standard","meta":{"footnotes":""},"categories":[9566],"tags":[1111,11,2430,130,33,112,1777,674,107,1011,27,2731,108,1985,985,12,2922,25,216],"class_list":{"0":"post-573944","1":"post","2":"type-post","3":"status-publish","4":"format-standard","5":"has-post-thumbnail","7":"category-grenoble","8":"tag-actu","9":"tag-actualites","10":"tag-auvergne-rhone-alpes","11":"tag-consommation","12":"tag-economie","13":"tag-edition-grenoble-agglomeration","14":"tag-eu","15":"tag-europe","16":"tag-fil-info","17":"tag-fr","18":"tag-france","19":"tag-grenoble","20":"tag-isere","21":"tag-metropole-de-grenoble","22":"tag-mode","23":"tag-news","24":"tag-pouvoir-dachat","25":"tag-republique-francaise","26":"tag-vie-des-entreprises"},"share_on_mastodon":{"url":"https:\/\/pubeurope.com\/@fr\/115652037456473931","error":""},"_links":{"self":[{"href":"https:\/\/www.europesays.com\/fr\/wp-json\/wp\/v2\/posts\/573944","targetHints":{"allow":["GET"]}}],"collection":[{"href":"https:\/\/www.europesays.com\/fr\/wp-json\/wp\/v2\/posts"}],"about":[{"href":"https:\/\/www.europesays.com\/fr\/wp-json\/wp\/v2\/types\/post"}],"author":[{"embeddable":true,"href":"https:\/\/www.europesays.com\/fr\/wp-json\/wp\/v2\/users\/2"}],"replies":[{"embeddable":true,"href":"https:\/\/www.europesays.com\/fr\/wp-json\/wp\/v2\/comments?post=573944"}],"version-history":[{"count":0,"href":"https:\/\/www.europesays.com\/fr\/wp-json\/wp\/v2\/posts\/573944\/revisions"}],"wp:featuredmedia":[{"embeddable":true,"href":"https:\/\/www.europesays.com\/fr\/wp-json\/wp\/v2\/media\/573945"}],"wp:attachment":[{"href":"https:\/\/www.europesays.com\/fr\/wp-json\/wp\/v2\/media?parent=573944"}],"wp:term":[{"taxonomy":"category","embeddable":true,"href":"https:\/\/www.europesays.com\/fr\/wp-json\/wp\/v2\/categories?post=573944"},{"taxonomy":"post_tag","embeddable":true,"href":"https:\/\/www.europesays.com\/fr\/wp-json\/wp\/v2\/tags?post=573944"}],"curies":[{"name":"wp","href":"https:\/\/api.w.org\/{rel}","templated":true}]}}