{"id":573952,"date":"2025-12-02T21:16:22","date_gmt":"2025-12-02T21:16:22","guid":{"rendered":"https:\/\/www.europesays.com\/fr\/573952\/"},"modified":"2025-12-02T21:16:22","modified_gmt":"2025-12-02T21:16:22","slug":"strasbourg-mannele-geant-et-fete-citoyenne-de-noel-a-cronenbourg","status":"publish","type":"post","link":"https:\/\/www.europesays.com\/fr\/573952\/","title":{"rendered":"Strasbourg. Mannele g\u00e9ant et f\u00eate citoyenne de No\u00ebl \u00e0 Cronenbourg"},"content":{"rendered":"<p> Distribution de 300 mannele par le p\u00e8re No\u00ebl sur son v\u00e9lo-tra\u00eeneau, mannele g\u00e9ant en bois, vin chaud et jus de pommes chaud offerts\u00a0: le quartier de Cronenbourg sud convie \u00e0 sa f\u00eate de No\u00ebl\u00a0! Un \u00e9v\u00e9nement gratuit et ouvert \u00e0 tous, organis\u00e9 par le comit\u00e9 de suivi des assembl\u00e9es de quartier de Cronenbourg sud, qui permettra de\u00a0rencontrer les acteurs du comit\u00e9, qui pr\u00e9senteront leurs travaux, et de discuter de l\u2019implication citoyenne. <\/p>\n<p class=\"note\">Vendredi 5\u00a0d\u00e9cembre \u00e0 partir de 17\u00a0h sur le parvis de l\u2019\u00e9glise Saint-Florent, au stand de l\u2019aCROciation (petit march\u00e9).<\/p>\n","protected":false},"excerpt":{"rendered":"Distribution de 300 mannele par le p\u00e8re No\u00ebl sur son v\u00e9lo-tra\u00eeneau, mannele g\u00e9ant en bois, vin chaud et&hellip;\n","protected":false},"author":2,"featured_media":573953,"comment_status":"","ping_status":"","sticky":false,"template":"","format":"standard","meta":{"footnotes":""},"categories":[2820],"tags":[1111,11,1687,2880,1777,674,3326,1011,27,775,12,25,640,2879],"class_list":{"0":"post-573952","1":"post","2":"type-post","3":"status-publish","4":"format-standard","5":"has-post-thumbnail","7":"category-strasbourg","8":"tag-actu","9":"tag-actualites","10":"tag-culture-loisirs","11":"tag-edition-strasbourg","12":"tag-eu","13":"tag-europe","14":"tag-fete-locale","15":"tag-fr","16":"tag-france","17":"tag-grand-est","18":"tag-news","19":"tag-republique-francaise","20":"tag-strasbourg","21":"tag-strasbourg-ville"},"share_on_mastodon":{"url":"https:\/\/pubeurope.com\/@fr\/115652053253699503","error":""},"_links":{"self":[{"href":"https:\/\/www.europesays.com\/fr\/wp-json\/wp\/v2\/posts\/573952","targetHints":{"allow":["GET"]}}],"collection":[{"href":"https:\/\/www.europesays.com\/fr\/wp-json\/wp\/v2\/posts"}],"about":[{"href":"https:\/\/www.europesays.com\/fr\/wp-json\/wp\/v2\/types\/post"}],"author":[{"embeddable":true,"href":"https:\/\/www.europesays.com\/fr\/wp-json\/wp\/v2\/users\/2"}],"replies":[{"embeddable":true,"href":"https:\/\/www.europesays.com\/fr\/wp-json\/wp\/v2\/comments?post=573952"}],"version-history":[{"count":0,"href":"https:\/\/www.europesays.com\/fr\/wp-json\/wp\/v2\/posts\/573952\/revisions"}],"wp:featuredmedia":[{"embeddable":true,"href":"https:\/\/www.europesays.com\/fr\/wp-json\/wp\/v2\/media\/573953"}],"wp:attachment":[{"href":"https:\/\/www.europesays.com\/fr\/wp-json\/wp\/v2\/media?parent=573952"}],"wp:term":[{"taxonomy":"category","embeddable":true,"href":"https:\/\/www.europesays.com\/fr\/wp-json\/wp\/v2\/categories?post=573952"},{"taxonomy":"post_tag","embeddable":true,"href":"https:\/\/www.europesays.com\/fr\/wp-json\/wp\/v2\/tags?post=573952"}],"curies":[{"name":"wp","href":"https:\/\/api.w.org\/{rel}","templated":true}]}}