{"id":573954,"date":"2025-12-02T21:17:18","date_gmt":"2025-12-02T21:17:18","guid":{"rendered":"https:\/\/www.europesays.com\/fr\/573954\/"},"modified":"2025-12-02T21:17:18","modified_gmt":"2025-12-02T21:17:18","slug":"nice-lartiste-et-avocate-edith-faraut-ouvre-les-portes-de-son-atelier","status":"publish","type":"post","link":"https:\/\/www.europesays.com\/fr\/573954\/","title":{"rendered":"Nice : l\u2019artiste et avocate \u00c9dith Faraut ouvre les portes de son atelier"},"content":{"rendered":"<p>                    <img loading=\"lazy\" decoding=\"async\" src=\"https:\/\/www.europesays.com\/fr\/wp-content\/uploads\/2025\/12\/70a25ff7ccd44cb08c4f46adfc4205.png\" class=\"img-responsive post-image\" width=\"680\" height=\"510\" alt=\"Nice : l'artiste et (\u2026)\" title=\"Nice : l'artiste et avocate \u00c9dith Faraut ouvre les portes de son atelier \"\/><\/p>\n<p class=\"chapo\">Cette fin de semaine, les Ni\u00e7ois sont invit\u00e9s \u00e0 d\u00e9couvrir l\u2019univers color\u00e9 d\u2019\u00c9dith Faraut, artiste peintre et avocate au barreau de Nice, qui ouvre exceptionnellement les portes de son atelier vendredi 5 et samedi 6 d\u00e9cembre de 10h \u00e0 19h.<\/p>\n<p>Ni\u00e7oise de racines et de c\u0153ur, <strong>\u00c9dith Faraut<\/strong> cultive depuis de nombreuses ann\u00e9es une double identit\u00e9 artistique et professionnelle. \u00ab\u00a0 J\u2019ai mis des pinceaux au bout de ma robe pour d\u00e9fendre d\u2019une autre mani\u00e8re \u00a0\u00bb, confie-t-elle. Ce qui n\u2019\u00e9tait au d\u00e9part qu\u2019une passion intime, n\u00e9e du d\u00e9sir de <a href=\"https:\/\/www.petitesaffiches.fr\/actualites,069\/droit,044\/maitre-edith-faraut-du-barreau-au,16890.html\" target=\"_blank\" rel=\"noopener\">renouer par le geste avec un p\u00e8re disparu trop t\u00f4t<\/a>, s\u2019est rapidement transform\u00e9 en n\u00e9cessit\u00e9 quotidienne.<\/p>\n<p>D\u00e9sormais, elle dessine, peint, d\u00e9coupe et colle au gr\u00e9 de ses humeurs, explorant la gouache, l\u2019encre, l\u2019aquarelle ou encore l\u2019huile. Son atelier est devenu un v\u00e9ritable laboratoire d\u2019expression o\u00f9 cohabitent \u00e9motions, couleurs et clin d\u2019\u0153il \u00e0 son m\u00e9tier d\u2019avocate.<\/p>\n<p>Une s\u00e9rie d\u2019avocats version signes du zodiaque <\/p>\n<p>Parmi les \u0153uvres visibles lors de ces portes ouvertes, les visiteurs pourront d\u00e9couvrir une s\u00e9rie originale de tirages repr\u00e9sentant des avocats revisit\u00e9s \u00e0 travers les signes du zodiaque, interpr\u00e9tation \u00e0 la fois po\u00e9tique, humoristique et symbolique de sa profession.<\/p>\n<p>Cette ouverture exceptionnelle offre une occasion rare de rencontrer \u00c9dith Faraut, de d\u00e9couvrir <a href=\"https:\/\/www.art-edithfaraut.com\/\" class=\"spip_out\" rel=\"external noopener\" target=\"_blank\">son espace de cr\u00e9ation<\/a> au 6 rue Diderot \u00e0 Nice et, pour ceux qui le souhaitent, d\u2019acqu\u00e9rir des \u0153uvres ou tirages pour les f\u00eates.<\/p>\n<p> <a href=\"https:\/\/www.europesays.com\/fr\/wp-content\/uploads\/2025\/12\/l_atelier_en_fe_te_20251125_161433_0000_2.png.jpg\" class=\"spip_doc_lien mediabox\" type=\"image\/jpeg\"><br \/>\n\t\t<img loading=\"lazy\" decoding=\"async\" src=\"https:\/\/www.europesays.com\/fr\/wp-content\/uploads\/2025\/12\/l_atelier_en_fe_te_20251125_161433_0000_2.png.jpg\" width=\"1024\" height=\"1444\" alt=\"\"\/><\/a><\/p>\n<p>Visuel de Une\u00a0: \u00a9Edith Faraut<\/p>\n","protected":false},"excerpt":{"rendered":"Cette fin de semaine, les Ni\u00e7ois sont invit\u00e9s \u00e0 d\u00e9couvrir l\u2019univers color\u00e9 d\u2019\u00c9dith Faraut, artiste peintre et avocate&hellip;\n","protected":false},"author":2,"featured_media":573955,"comment_status":"","ping_status":"","sticky":false,"template":"","format":"standard","meta":{"footnotes":""},"categories":[2819],"tags":[1111,11,2408,1777,674,1011,27,12,2401,882,25],"class_list":{"0":"post-573954","1":"post","2":"type-post","3":"status-publish","4":"format-standard","5":"has-post-thumbnail","7":"category-nice","8":"tag-actu","9":"tag-actualites","10":"tag-appels-d","11":"tag-eu","12":"tag-europe","13":"tag-fr","14":"tag-france","15":"tag-news","16":"tag-nice","17":"tag-provence-alpes-cote-dazur","18":"tag-republique-francaise"},"share_on_mastodon":{"url":"https:\/\/pubeurope.com\/@fr\/115652059023481331","error":""},"_links":{"self":[{"href":"https:\/\/www.europesays.com\/fr\/wp-json\/wp\/v2\/posts\/573954","targetHints":{"allow":["GET"]}}],"collection":[{"href":"https:\/\/www.europesays.com\/fr\/wp-json\/wp\/v2\/posts"}],"about":[{"href":"https:\/\/www.europesays.com\/fr\/wp-json\/wp\/v2\/types\/post"}],"author":[{"embeddable":true,"href":"https:\/\/www.europesays.com\/fr\/wp-json\/wp\/v2\/users\/2"}],"replies":[{"embeddable":true,"href":"https:\/\/www.europesays.com\/fr\/wp-json\/wp\/v2\/comments?post=573954"}],"version-history":[{"count":0,"href":"https:\/\/www.europesays.com\/fr\/wp-json\/wp\/v2\/posts\/573954\/revisions"}],"wp:featuredmedia":[{"embeddable":true,"href":"https:\/\/www.europesays.com\/fr\/wp-json\/wp\/v2\/media\/573955"}],"wp:attachment":[{"href":"https:\/\/www.europesays.com\/fr\/wp-json\/wp\/v2\/media?parent=573954"}],"wp:term":[{"taxonomy":"category","embeddable":true,"href":"https:\/\/www.europesays.com\/fr\/wp-json\/wp\/v2\/categories?post=573954"},{"taxonomy":"post_tag","embeddable":true,"href":"https:\/\/www.europesays.com\/fr\/wp-json\/wp\/v2\/tags?post=573954"}],"curies":[{"name":"wp","href":"https:\/\/api.w.org\/{rel}","templated":true}]}}