{"id":573971,"date":"2025-12-02T21:28:16","date_gmt":"2025-12-02T21:28:16","guid":{"rendered":"https:\/\/www.europesays.com\/fr\/573971\/"},"modified":"2025-12-02T21:28:16","modified_gmt":"2025-12-02T21:28:16","slug":"a-marseille-cinq-spectacles-a-ne-pas-manquer-au-festival-tous-en-sons-en-decembre","status":"publish","type":"post","link":"https:\/\/www.europesays.com\/fr\/573971\/","title":{"rendered":"\u00c0 Marseille, cinq spectacles \u00e0 ne pas manquer au festival Tous en sons en d\u00e9cembre"},"content":{"rendered":"<p>C\u2019est parti pour le <a href=\"https:\/\/www.laprovence.com\/article\/culture-loisirs\/41431462738661\/le-festival-tous-en-sons-dedie-a-la-creativite-musicale-des-petits-fait-etape-dans-les-bouches-du-rhone\" target=\"_blank\" rel=\"noopener\">septi\u00e8me festival Tous en sons<\/a>. Lanc\u00e9 ce mardi 2\u00a0d\u00e9cembre avec un concert de <a href=\"https:\/\/www.laprovence.com\/article\/societe\/88438267220690\/l-incroyable-aventure-des-jeunes-musiciens-marseillais-sourds-dans-un-orchestre-unique-et-precurseur\" target=\"_blank\" rel=\"noopener\">l\u2019orchestre des Colibris<\/a> \u00e0 Venelles, le rendez-vous musical d\u00e9di\u00e9 aux familles va se propager jusqu\u2019au 21\u00a0d\u00e9cembre prochain dans huit communes proven\u00e7ales\u00a0: Aix-en-Provence, Istres, Les Pennes-Mirabeau, Lourmarin, Marseille, Martigues, Pertuis et Venelles. Dans la cit\u00e9 phoc\u00e9enne, pas moins de dix rendez-vous sont programm\u00e9s. Nous avons fait notre s\u00e9lection parmi ces spectacles, dont la billetterie est encore ouverte.<\/p>\n<p>\u00ab\u00a0La plan\u00e8te sauvage\u00a0\u00bb<\/p>\n<p><a href=\"https:\/\/www.laprovence.com\/article\/culture-loisirs\/2905839939318514\/drame-de-la-rue-d-aubagne-grands-classiques-et-concerts-la-criee-a-marseille-devoile-sa-saison-2025-2026\" target=\"_blank\" rel=\"noopener\">La Cri\u00e9e<\/a> accueillera le 4\u00a0d\u00e9cembre La plan\u00e8te sauvage, une r\u00e9interpr\u00e9tation du film de\u00a01973 par l\u2019Orchestre national de jazz qui sera jou\u00e9e pour la premi\u00e8re fois en r\u00e9gion. Interpr\u00e9t\u00e9 par une com\u00e9dienne-chanteuse et sept musiciens, le spectacle se pr\u00e9sente comme un cin\u00e9-concert fusionnant th\u00e9\u00e2tre, vid\u00e9o, musique et \u00e9l\u00e9ments interactifs.<\/p>\n<p>\u00ab\u00a0Odyss\u00e9e musicale du cerveau\u00a0\u00bb<\/p>\n<p>Quel impact a la musique sur notre cerveau\u00a0? Pour r\u00e9pondre au moins en partie \u00e0 cette question, imaginez un cabaret m\u00ealant science et les airs d\u2019un quatuor \u00e0 cordes men\u00e9 par une chanteuse, capable de vous faire voyager dans les diff\u00e9rentes zones sollicit\u00e9es par les notes. Quand, en parall\u00e8le, se tiendront des conf\u00e9rences rassemblant des professionnels du secteur pour parler des risques auditifs et de la pr\u00e9vention des enfants dans les lieux festifs. Ce concept imagin\u00e9 par le chercheur Emmanuel Bigand, est programm\u00e9 du 5 au 7\u00a0d\u00e9cembre au conservatoire Pierre Barbizet.<\/p>\n<p>\u00ab\u00a0Hal2000\u00a0\u00bb<\/p>\n<p>Une aventure audiovisuelle qui d\u00e9crit les humains du point de vue d\u2019une<a href=\"https:\/\/www.laprovence.com\/article\/economie\/45094209074855\/les-nouvelles-frontieres-de-lintelligence-artificielle-le-grand-rendez-vous-europeen-de-lia-sinstalle-a-marseille\" target=\"_blank\" rel=\"noopener\"> intelligence artificielle\u00a0<\/a>: voici ce qui attend les spectateurs le 10\u00a0d\u00e9cembre \u00e0 l\u2019Espace culturel Busserine. Sur sc\u00e8ne, le quatuor d\u2019artistes interrogera notre rapport \u00e0 la technologie tout au long de cette histoire dans laquelle le DJ Vincent 2000 cherche \u00e0 cr\u00e9er des \u00e9motions chez l\u2019IA baptis\u00e9e Hal.<\/p>\n<p>\u00ab\u00a0Dondo\u00a0\u00bb<\/p>\n<p>Dans la cat\u00e9gorie polyphonies vocales et \u00e9lectroacoustiques, Dondo sera jou\u00e9 le 14\u00a0d\u00e9cembre au Pic T\u00e9l\u00e9maque. Sur sc\u00e8ne, trois artistes feront r\u00e9sonner un po\u00e8me sonore en plusieurs mouvements, issu d\u2019un r\u00e9pertoire populaire compil\u00e9 depuis\u00a02021. Trompette, kalimba et autres instruments \u00e0 port\u00e9e \u00e9lectronique se m\u00ealeront aux voix pour exprimer un espace d\u00e9crit comme une \u00ab\u00a0amulette sonore contre la peur et la souffrance\u00a0\u00bb par les artistes.<\/p>\n<p>\u00ab\u00a0L\u2019Aubrac fant\u00f4me\u00a0\u00bb<\/p>\n<p>En pr\u00e9sentant sa septi\u00e8me \u00e9dition il y a quelques semaines, Tous en sons mettait l\u2019accent sur les r\u00e9flexions li\u00e9es aux sciences et aux avanc\u00e9es technologiques. Avec L\u2019Aubrac fant\u00f4me, le public suit l\u2019histoire de trois scientifiques du futur \u00e0 la recherche des Indiens d\u2019Aubrac. Une cr\u00e9ation hybride entre films, enregistrements sonores et performances \u00e0 retrouver le 18\u00a0d\u00e9cembre \u00e0 la Cit\u00e9 de la musique.<\/p>\n<p>Jusqu\u2019au 21\u00a0d\u00e9cembre\u00a02025 \u00e0 Aix-en-Provence, Istres, Les Pennes-Mirabeau, Lourmarin, Marseille, Martigues, Pertuis et Venelles. Retrouvez toute la programmation, accessible \u00e0 partir de 4\u00a0ans, et la billetterie sur tousensons.fr<\/p>\n","protected":false},"excerpt":{"rendered":"C\u2019est parti pour le septi\u00e8me festival Tous en sons. Lanc\u00e9 ce mardi 2\u00a0d\u00e9cembre avec un concert de l\u2019orchestre&hellip;\n","protected":false},"author":2,"featured_media":573972,"comment_status":"","ping_status":"","sticky":false,"template":"","format":"standard","meta":{"footnotes":""},"categories":[2814],"tags":[17,1111,11,9122,3216,251,1777,674,849,1011,27,884,12,882,25,3611,853,3387],"class_list":{"0":"post-573971","1":"post","2":"type-post","3":"status-publish","4":"format-standard","5":"has-post-thumbnail","7":"category-marseille","8":"tag-17","9":"tag-actu","10":"tag-actualites","11":"tag-ces","12":"tag-cinq","13":"tag-culture","14":"tag-eu","15":"tag-europe","16":"tag-festival","17":"tag-fr","18":"tag-france","19":"tag-marseille","20":"tag-news","21":"tag-provence-alpes-cote-dazur","22":"tag-republique-francaise","23":"tag-sons","24":"tag-spectacles","25":"tag-tous"},"share_on_mastodon":{"url":"https:\/\/pubeurope.com\/@fr\/115652100424507957","error":""},"_links":{"self":[{"href":"https:\/\/www.europesays.com\/fr\/wp-json\/wp\/v2\/posts\/573971","targetHints":{"allow":["GET"]}}],"collection":[{"href":"https:\/\/www.europesays.com\/fr\/wp-json\/wp\/v2\/posts"}],"about":[{"href":"https:\/\/www.europesays.com\/fr\/wp-json\/wp\/v2\/types\/post"}],"author":[{"embeddable":true,"href":"https:\/\/www.europesays.com\/fr\/wp-json\/wp\/v2\/users\/2"}],"replies":[{"embeddable":true,"href":"https:\/\/www.europesays.com\/fr\/wp-json\/wp\/v2\/comments?post=573971"}],"version-history":[{"count":0,"href":"https:\/\/www.europesays.com\/fr\/wp-json\/wp\/v2\/posts\/573971\/revisions"}],"wp:featuredmedia":[{"embeddable":true,"href":"https:\/\/www.europesays.com\/fr\/wp-json\/wp\/v2\/media\/573972"}],"wp:attachment":[{"href":"https:\/\/www.europesays.com\/fr\/wp-json\/wp\/v2\/media?parent=573971"}],"wp:term":[{"taxonomy":"category","embeddable":true,"href":"https:\/\/www.europesays.com\/fr\/wp-json\/wp\/v2\/categories?post=573971"},{"taxonomy":"post_tag","embeddable":true,"href":"https:\/\/www.europesays.com\/fr\/wp-json\/wp\/v2\/tags?post=573971"}],"curies":[{"name":"wp","href":"https:\/\/api.w.org\/{rel}","templated":true}]}}