{"id":573973,"date":"2025-12-02T21:29:18","date_gmt":"2025-12-02T21:29:18","guid":{"rendered":"https:\/\/www.europesays.com\/fr\/573973\/"},"modified":"2025-12-02T21:29:18","modified_gmt":"2025-12-02T21:29:18","slug":"le-proces-des-assassins-presumes-du-grand-frere-damine-kessaci-fixe-a-lautomne-2026","status":"publish","type":"post","link":"https:\/\/www.europesays.com\/fr\/573973\/","title":{"rendered":"le proc\u00e8s des assassins pr\u00e9sum\u00e9s du grand fr\u00e8re d&rsquo;Amine Kessaci fix\u00e9 \u00e0 l&rsquo;automne 2026"},"content":{"rendered":"<p>\n    \u00abCe dossier sera audienc\u00e9 du 19 octobre au 6 novembre (&#8230;) de mani\u00e8re prioritaire en l\u2019\u00e9tat du stock de dossiers\u00bb, a indiqu\u00e9 le procureur g\u00e9n\u00e9ral de la cour d\u2019appel d\u2019Aix-en-Provence, Franck Rastoul.<\/p>\n<p class=\"fig-paragraph\">Le proc\u00e8s des assassins pr\u00e9sum\u00e9s du grand fr\u00e8re du militant antidrogue\u00a0<a href=\"http:\/\/www.lefigaro.fr\/marseille\/meurtre-du-frere-d-amine-kessaci-de-nouveaux-hommages-au-parlement-europeen-et-a-l-institut-du-monde-arabe-20251124\" data-fig-type=\"NewsFlash\" data-gtm-custom-categorie=\"navigation\" data-gtm-custom-action=\"crossclick\" data-gtm-custom-label=\"Contextuel\" data-gtm-event=\"customEventSPE\" data-fig-domain=\"LEFIGARO\" target=\"_blank\" rel=\"noopener\">Amine Kessaci<\/a>, qui avait \u00e9t\u00e9 tu\u00e9 fin 2020 avec deux autres jeunes hommes pr\u00e8s de\u00a0<a href=\"http:\/\/www.lefigaro.fr\/marseille\/marseille-un-livreur-de-drogue-sur-un-velo-debride-interpelle-apres-un-refus-d-obtemperer-20251202\" data-fig-type=\"NewsFlash\" data-gtm-custom-categorie=\"navigation\" data-gtm-custom-action=\"crossclick\" data-gtm-custom-label=\"Contextuel\" data-gtm-event=\"customEventSPE\" data-fig-domain=\"LEFIGARO\" target=\"_blank\" rel=\"noopener\">Marseille<\/a>, se tiendra \u00e0 l&rsquo;automne 2026, a indiqu\u00e9 \u00e0 l&rsquo;AFP le procureur g\u00e9n\u00e9ral d&rsquo;Aix-en-Provence. \u00abCe dossier sera audienc\u00e9 du 19 octobre au 6 novembre (&#8230;) de mani\u00e8re prioritaire en l&rsquo;\u00e9tat du stock de dossiers en criminalit\u00e9 organis\u00e9e en attente de jugement particuli\u00e8rement important\u00bb, a indiqu\u00e9 \u00e0 l&rsquo;AFP le procureur g\u00e9n\u00e9ral de la cour d&rsquo;appel d&rsquo;Aix-en-Provence, Franck Rastoul.<\/p>\n<p class=\"fig-paragraph\">Le 13 novembre, la famille Kessaci a \u00e9t\u00e9 de nouveau endeuill\u00e9e par l&rsquo;assassinat en plein jour \u00e0 Marseille de Mehdi Kessaci, petit fr\u00e8re d&rsquo;Amine. Les enqu\u00eateurs privil\u00e9gient la piste d&rsquo;un crime d&rsquo;avertissement \u00e0 l&rsquo;attention du militant. L&rsquo;assassinat a suscit\u00e9 une onde de choc dans la deuxi\u00e8me ville de France et au-del\u00e0.<\/p>\n<p>                                            <a class=\"fig-a11y-skip\" href=\"#fig-a11y-skip-main-inarticle\" data-module=\"a11y-skip\" data-context=\"was @visible\"><br \/>\n    Passer la publicit\u00e9<br \/>\n<\/a>            <\/p>\n<p class=\"fig-paragraph\">Cinq personnes sont renvoy\u00e9es devant la cour d&rsquo;assises des Bouches-du-Rh\u00f4ne dont le commanditaire pr\u00e9sum\u00e9, Karim Harrat, 37 ans, extrad\u00e9 du Maroc d\u00e9but 2023, consid\u00e9r\u00e9 comme une figure du narcobanditisme et soup\u00e7onn\u00e9 d&rsquo;\u00eatre impliqu\u00e9 dans plusieurs narchomicides.<\/p>\n<p class=\"fig-paragraph\">Le 29 d\u00e9cembre 2020 au petit matin, un v\u00e9hicule en feu avait \u00e9t\u00e9 d\u00e9couvert dans un tunnel de service sur l&rsquo;autoroute juste avant Marseille. \u00c0 l\u2019int\u00e9rieur deux corps calcin\u00e9s dont celui de Brahim, 22 ans, demi-fr\u00e8re d&rsquo;Amine Kessaci. Le 6 janvier, un 3e corps, d\u00e9coup\u00e9 en morceaux, \u00e9tait d\u00e9couvert dans le coffre d&rsquo;un v\u00e9hicule en feu dans le 15e arrondissement. \u00c0 l\u2019\u00e9poque, les autorit\u00e9s avaient parl\u00e9 d&rsquo;un niveau de cruaut\u00e9 jamais atteint. Et c&rsquo;est ce drame qui a pouss\u00e9 Amine Kessaci \u00e0 s&rsquo;engager dans la lutte antidrogue en cr\u00e9ant notamment une association d&rsquo;aide aux familles de victimes.<\/p>\n<p>                                            Quatre autres hommes seront jug\u00e9s<\/p>\n<p class=\"fig-paragraph\">En octobre, il a sorti un livre, \u00abMarseille, essuie tes larmes\u00bb (Le bruit du monde), sorte de longue lettre adress\u00e9e \u00e0 Brahim dans la perspective de ce proc\u00e8s. Il y explique que seuls lui et sa m\u00e8re se sont port\u00e9s partie civile. La fratrie comptait au total six demi-fr\u00e8res et s\u0153urs. Outre Karim Harrat, quatre autres hommes seront jug\u00e9s dans ce dossier dont l&rsquo;un est, selon plusieurs m\u00e9dias, une des pistes travaill\u00e9es par les enqu\u00eateurs dans l&rsquo;assassinat de Mehdi Kessaci.<\/p>\n<p class=\"fig-paragraph\">Contact\u00e9 lundi par l&rsquo;AFP, le parquet de Paris n&rsquo;avait \u00abrien de nouveau \u00e0 communiquer \u00e0 ce stade\u00bb sur cette enqu\u00eate, dont il est d\u00e9sormais saisi. Jusqu&rsquo;\u00e0 pr\u00e9sent, la procureure de Paris Laure Beccuau, s&rsquo;est born\u00e9e \u00e0 indiquer que le \u00abhaut du spectre de la criminalit\u00e9 organis\u00e9e\u00bb \u00e9tait sans doute le responsable le plus probable de l&rsquo;assassinat de Mehdi Kessaci, d\u00e9sapprouvant les fuites dans la presse, \u00abv\u00e9ridiques ou pas\u00bb.<\/p>\n<p class=\"fig-paragraph\">En septembre, Franck Rastoul avait tir\u00e9 une nouvelle fois la sonnette d&rsquo;alarme sur les retards engendr\u00e9s dans sa juridiction par quelque 500 proc\u00e9dures criminelles en attente de jugement. \u00abC&rsquo;est ing\u00e9rable\u00bb et \u00abla cons\u00e9quence, ce sont des d\u00e9lais qui confinent au d\u00e9ni de justice\u00bb, avait-il point\u00e9 lors de l&rsquo;audience solennelle de rentr\u00e9e.<\/p>\n","protected":false},"excerpt":{"rendered":"\u00abCe dossier sera audienc\u00e9 du 19 octobre au 6 novembre (&#8230;) de mani\u00e8re prioritaire en l\u2019\u00e9tat du stock&hellip;\n","protected":false},"author":2,"featured_media":573974,"comment_status":"","ping_status":"","sticky":false,"template":"","format":"standard","meta":{"footnotes":""},"categories":[2814],"tags":[1111,11,6744,1777,674,1011,27,884,12,2694,882,25],"class_list":{"0":"post-573973","1":"post","2":"type-post","3":"status-publish","4":"format-standard","5":"has-post-thumbnail","7":"category-marseille","8":"tag-actu","9":"tag-actualites","10":"tag-assassinat","11":"tag-eu","12":"tag-europe","13":"tag-fr","14":"tag-france","15":"tag-marseille","16":"tag-news","17":"tag-proces","18":"tag-provence-alpes-cote-dazur","19":"tag-republique-francaise"},"share_on_mastodon":{"url":"https:\/\/pubeurope.com\/@fr\/115652104425858064","error":""},"_links":{"self":[{"href":"https:\/\/www.europesays.com\/fr\/wp-json\/wp\/v2\/posts\/573973","targetHints":{"allow":["GET"]}}],"collection":[{"href":"https:\/\/www.europesays.com\/fr\/wp-json\/wp\/v2\/posts"}],"about":[{"href":"https:\/\/www.europesays.com\/fr\/wp-json\/wp\/v2\/types\/post"}],"author":[{"embeddable":true,"href":"https:\/\/www.europesays.com\/fr\/wp-json\/wp\/v2\/users\/2"}],"replies":[{"embeddable":true,"href":"https:\/\/www.europesays.com\/fr\/wp-json\/wp\/v2\/comments?post=573973"}],"version-history":[{"count":0,"href":"https:\/\/www.europesays.com\/fr\/wp-json\/wp\/v2\/posts\/573973\/revisions"}],"wp:featuredmedia":[{"embeddable":true,"href":"https:\/\/www.europesays.com\/fr\/wp-json\/wp\/v2\/media\/573974"}],"wp:attachment":[{"href":"https:\/\/www.europesays.com\/fr\/wp-json\/wp\/v2\/media?parent=573973"}],"wp:term":[{"taxonomy":"category","embeddable":true,"href":"https:\/\/www.europesays.com\/fr\/wp-json\/wp\/v2\/categories?post=573973"},{"taxonomy":"post_tag","embeddable":true,"href":"https:\/\/www.europesays.com\/fr\/wp-json\/wp\/v2\/tags?post=573973"}],"curies":[{"name":"wp","href":"https:\/\/api.w.org\/{rel}","templated":true}]}}