{"id":573975,"date":"2025-12-02T21:30:33","date_gmt":"2025-12-02T21:30:33","guid":{"rendered":"https:\/\/www.europesays.com\/fr\/573975\/"},"modified":"2025-12-02T21:30:33","modified_gmt":"2025-12-02T21:30:33","slug":"la-region-auvergne-rhone-alpes-condamnee-a-verser-ses-subventions-au-cco","status":"publish","type":"post","link":"https:\/\/www.europesays.com\/fr\/573975\/","title":{"rendered":"la R\u00e9gion Auvergne-Rh\u00f4ne-Alpes condamn\u00e9e \u00e0 verser ses subventions au CCO"},"content":{"rendered":"<p itemprop=\"description\"><strong>Ce mardi, le tribunal administratif de Lyon a condamn\u00e9 doublement la R\u00e9gion Auvergne-Rh\u00f4ne-Alpes dans l&rsquo;affaire du Lyon Antifa Fest.<\/strong><\/p>\n<p>Pour avoir <a href=\"https:\/\/www.lyonmag.com\/article\/117647\/le-festival-antifa-de-retour-a-villeurbanne-laurent-wauquiez-supprime-ses-subventions\" target=\"_blank\" rel=\"noopener\">supprim\u00e9 les subventions du CCO de Villeurbanne en 2021<\/a>, suite \u00e0 la diffusion d&rsquo;un clip de l&rsquo;\u00e9v\u00e8nement dans lequel des rappeurs tenaient des propos anti-policiers (\u00ab\u00a0tous les flics c&rsquo;est des b\u00e2tards\u00a0\u00bb ndlr), mais aussi pour \u00eatre revenue sur sa d\u00e9cision de cofinancer la construction de La Rayonne, la collectivit\u00e9 vient de subir le courroux des juges administratifs.<\/p>\n<p>Le CCO a d\u00e9montr\u00e9 qu&rsquo;il \u00ab\u00a0ne produit pas ce festival, ne salarie pas les artistes qui s\u2019y produisent et ne g\u00e8re pas la billetterie, se borne \u00e0 relayer la communication de l\u2019\u00e9v\u00e9nement et \u00e0 proposer sa salle de concert \u00e0 la location\u00a0\u00bb. Et que la sanction de la R\u00e9gion pr\u00e9sid\u00e9e \u00e0 l&rsquo;\u00e9poque par <a href=\"https:\/\/www.lyonmag.com\/profil-personnalite-lyonnaise\/55\/laurent-wauquiez\" target=\"_blank\" rel=\"noopener\">Laurent Wauquiez<\/a> \u00e9tait donc disproportionn\u00e9e.<\/p>\n<p>Cette derni\u00e8re est ainsi condamn\u00e9e \u00e0 verser les subventions dues, pour un montant total de 72 061 euros.<\/p>\n<p>Par ailleurs, suite \u00e0 cet \u00e9pisode et dans le cadre de la rupture de ses liens avec le CCO, la R\u00e9gion avait refus\u00e9 de verser les 200 000 euros promis pour la construction de La Rayonne, salle de spectacle g\u00e9r\u00e9e par le CCO, et qui accueille d&rsquo;ailleurs d\u00e9sormais le Lyon Antifa Fest.<\/p>\n<p>L\u00e0 encore, le tribunal a enjoint la collectivit\u00e9 \u00e0 faire le ch\u00e8que promis.<\/p>\n<p>Dans un communiqu\u00e9, la R\u00e9gion Auvergne-Rh\u00f4ne-Alpes annonce faire appel de cette d\u00e9cision de justice, estimant avoir eu \u00ab\u00a0le devoir de suspendre tout versement \u00e0 ce lieu qui h\u00e9berge et donc tol\u00e8re que soient diffus\u00e9s de tels propos (anti-police ndlr)\u00a0\u00bb. Elle invite \u00e9galement la pr\u00e9fecture du Rh\u00f4ne \u00ab\u00a0\u00e0 interdire la tenue de ce festival, pour pr\u00e9server l\u2019ordre public et prot\u00e9ger les forces de l\u2019ordre de nouvelles attaques abjectes\u00a0\u00bb. Le Lyon Antifa Fest doit se tenir les 11 et 12 d\u00e9cembre prochain.<\/p>\n","protected":false},"excerpt":{"rendered":"Ce mardi, le tribunal administratif de Lyon a condamn\u00e9 doublement la R\u00e9gion Auvergne-Rh\u00f4ne-Alpes dans l&rsquo;affaire du Lyon Antifa&hellip;\n","protected":false},"author":2,"featured_media":573976,"comment_status":"","ping_status":"","sticky":false,"template":"","format":"standard","meta":{"footnotes":""},"categories":[1889],"tags":[1111,11,2813,2190,2430,1109,251,1112,2811,1777,674,118,1011,27,1922,1110,1114,2428,2810,12,241,316,25,2812,517,800],"class_list":{"0":"post-573975","1":"post","2":"type-post","3":"status-publish","4":"format-standard","5":"has-post-thumbnail","7":"category-lyon","8":"tag-actu","9":"tag-actualites","10":"tag-article","11":"tag-asvel","12":"tag-auvergne-rhone-alpes","13":"tag-breves","14":"tag-culture","15":"tag-depeches","16":"tag-economique","17":"tag-eu","18":"tag-europe","19":"tag-faits-divers","20":"tag-fr","21":"tag-france","22":"tag-info","23":"tag-informations","24":"tag-infos","25":"tag-lyon","26":"tag-lyonmag","27":"tag-news","28":"tag-ol","29":"tag-politique","30":"tag-republique-francaise","31":"tag-sociale","32":"tag-sport","33":"tag-transports"},"share_on_mastodon":{"url":"https:\/\/pubeurope.com\/@fr\/115652108156280224","error":""},"_links":{"self":[{"href":"https:\/\/www.europesays.com\/fr\/wp-json\/wp\/v2\/posts\/573975","targetHints":{"allow":["GET"]}}],"collection":[{"href":"https:\/\/www.europesays.com\/fr\/wp-json\/wp\/v2\/posts"}],"about":[{"href":"https:\/\/www.europesays.com\/fr\/wp-json\/wp\/v2\/types\/post"}],"author":[{"embeddable":true,"href":"https:\/\/www.europesays.com\/fr\/wp-json\/wp\/v2\/users\/2"}],"replies":[{"embeddable":true,"href":"https:\/\/www.europesays.com\/fr\/wp-json\/wp\/v2\/comments?post=573975"}],"version-history":[{"count":0,"href":"https:\/\/www.europesays.com\/fr\/wp-json\/wp\/v2\/posts\/573975\/revisions"}],"wp:featuredmedia":[{"embeddable":true,"href":"https:\/\/www.europesays.com\/fr\/wp-json\/wp\/v2\/media\/573976"}],"wp:attachment":[{"href":"https:\/\/www.europesays.com\/fr\/wp-json\/wp\/v2\/media?parent=573975"}],"wp:term":[{"taxonomy":"category","embeddable":true,"href":"https:\/\/www.europesays.com\/fr\/wp-json\/wp\/v2\/categories?post=573975"},{"taxonomy":"post_tag","embeddable":true,"href":"https:\/\/www.europesays.com\/fr\/wp-json\/wp\/v2\/tags?post=573975"}],"curies":[{"name":"wp","href":"https:\/\/api.w.org\/{rel}","templated":true}]}}