{"id":573977,"date":"2025-12-02T21:32:12","date_gmt":"2025-12-02T21:32:12","guid":{"rendered":"https:\/\/www.europesays.com\/fr\/573977\/"},"modified":"2025-12-02T21:32:12","modified_gmt":"2025-12-02T21:32:12","slug":"le-maire-gregory-doucet-victime-dun-leger-malaise-et-hospitalise","status":"publish","type":"post","link":"https:\/\/www.europesays.com\/fr\/573977\/","title":{"rendered":"le maire, Gr\u00e9gory Doucet, victime d\u2019un l\u00e9ger malaise et hospitalis\u00e9"},"content":{"rendered":"<p>\n    L\u2019\u00e9dile \u00e9cologiste s\u2019est senti mal ce mardi en fin d\u2019apr\u00e8s-midi lors d\u2019une r\u00e9union \u00e0 l\u2019H\u00f4tel de ville. Il a alors \u00e9t\u00e9 pris en charge par les secours. Dans la soir\u00e9e, son entourage s\u2019est voulu rassurant.<\/p>\n<p class=\"fig-paragraph\">En pleine campagne des municipales, le maire \u00e9cologiste de Lyon (Rh\u00f4ne),\u00a0<a href=\"http:\/\/www.lefigaro.fr\/lyon\/municipales-a-lyon-gregory-doucet-veut-un-debat-avec-jean-michel-aulas-avant-noel-20251125\" data-fig-type=\"NewsFlash\" data-gtm-custom-categorie=\"navigation\" data-gtm-custom-action=\"crossclick\" data-gtm-custom-label=\"Contextuel\" data-gtm-event=\"customEventSPE\" data-fig-domain=\"LEFIGARO\" target=\"_blank\" rel=\"noopener\">Gr\u00e9gory Doucet<\/a>\u00a0a \u00e9t\u00e9 victime d\u2019un malaise ce mardi, selon une information d\u2019<a href=\"https:\/\/actu.fr\/auvergne-rhone-alpes\/lyon_69123\/lyon-le-maire-gregory-doucet-victime-d-un-malaise-l-elu-pris-en-charge-a-l-hopital_63520968.html\" target=\"_blank\" rel=\"nofollow noopener\" data-gtm-custom-categorie=\"navigation\" data-gtm-custom-action=\"crossclick\" data-gtm-custom-label=\"Contextuel\" data-gtm-event=\"customEventSPE\">Actu Lyon<\/a>\u00a0confirm\u00e9e par Le Figaro. L\u2019\u00e9dile, \u00e2g\u00e9 de 52 ans et candidat \u00e0 sa succession en mars prochain, a commenc\u00e9 \u00e0 se sentir mal en fin d\u2019apr\u00e8s-midi alors qu\u2019il participait \u00e0 une r\u00e9union \u00e0 l\u2019H\u00f4tel de ville.<\/p>\n<p class=\"fig-paragraph\">Un moment de faiblesse \u00absans gravit\u00e9\u00bb, rassure-t-on ce soir dans son entourage, apr\u00e8s que le maire a \u00e9t\u00e9 pris en charge par les secours puis transport\u00e9 \u00e0 l\u2019h\u00f4pital de la Croix-Rousse pour des \u00abv\u00e9rifications m\u00e9dicales\u00bb. \u00abIl va bien\u00bb, ajoute-t-on de m\u00eame source. Dans la foul\u00e9e, le principal concurrent de Gr\u00e9gory Doucet,\u00a0<a href=\"http:\/\/www.lefigaro.fr\/politique\/lyon-jean-michel-aulas-et-lr-font-alliance-pour-les-elections-a-la-metropole-20251125\" data-fig-type=\"NewsFlash\" data-gtm-custom-categorie=\"navigation\" data-gtm-custom-action=\"crossclick\" data-gtm-custom-label=\"Contextuel\" data-gtm-event=\"customEventSPE\" data-fig-domain=\"LEFIGARO\" target=\"_blank\" rel=\"noopener\">Jean-Michel Aulas<\/a>, ultrafavori de la bataille des municipales, lui a souhait\u00e9 \u00abun prompt et complet r\u00e9tablissement\u00bb.<\/p>\n","protected":false},"excerpt":{"rendered":"L\u2019\u00e9dile \u00e9cologiste s\u2019est senti mal ce mardi en fin d\u2019apr\u00e8s-midi lors d\u2019une r\u00e9union \u00e0 l\u2019H\u00f4tel de ville. Il&hellip;\n","protected":false},"author":2,"featured_media":573978,"comment_status":"","ping_status":"","sticky":false,"template":"","format":"standard","meta":{"footnotes":""},"categories":[1889],"tags":[1111,11,2430,4188,1777,674,1011,27,5226,2428,12,25],"class_list":{"0":"post-573977","1":"post","2":"type-post","3":"status-publish","4":"format-standard","5":"has-post-thumbnail","7":"category-lyon","8":"tag-actu","9":"tag-actualites","10":"tag-auvergne-rhone-alpes","11":"tag-elections-municipales","12":"tag-eu","13":"tag-europe","14":"tag-fr","15":"tag-france","16":"tag-gregory-doucet","17":"tag-lyon","18":"tag-news","19":"tag-republique-francaise"},"share_on_mastodon":{"url":"https:\/\/pubeurope.com\/@fr\/115652116043153033","error":""},"_links":{"self":[{"href":"https:\/\/www.europesays.com\/fr\/wp-json\/wp\/v2\/posts\/573977","targetHints":{"allow":["GET"]}}],"collection":[{"href":"https:\/\/www.europesays.com\/fr\/wp-json\/wp\/v2\/posts"}],"about":[{"href":"https:\/\/www.europesays.com\/fr\/wp-json\/wp\/v2\/types\/post"}],"author":[{"embeddable":true,"href":"https:\/\/www.europesays.com\/fr\/wp-json\/wp\/v2\/users\/2"}],"replies":[{"embeddable":true,"href":"https:\/\/www.europesays.com\/fr\/wp-json\/wp\/v2\/comments?post=573977"}],"version-history":[{"count":0,"href":"https:\/\/www.europesays.com\/fr\/wp-json\/wp\/v2\/posts\/573977\/revisions"}],"wp:featuredmedia":[{"embeddable":true,"href":"https:\/\/www.europesays.com\/fr\/wp-json\/wp\/v2\/media\/573978"}],"wp:attachment":[{"href":"https:\/\/www.europesays.com\/fr\/wp-json\/wp\/v2\/media?parent=573977"}],"wp:term":[{"taxonomy":"category","embeddable":true,"href":"https:\/\/www.europesays.com\/fr\/wp-json\/wp\/v2\/categories?post=573977"},{"taxonomy":"post_tag","embeddable":true,"href":"https:\/\/www.europesays.com\/fr\/wp-json\/wp\/v2\/tags?post=573977"}],"curies":[{"name":"wp","href":"https:\/\/api.w.org\/{rel}","templated":true}]}}