{"id":573983,"date":"2025-12-02T21:36:12","date_gmt":"2025-12-02T21:36:12","guid":{"rendered":"https:\/\/www.europesays.com\/fr\/573983\/"},"modified":"2025-12-02T21:36:12","modified_gmt":"2025-12-02T21:36:12","slug":"paris-luxury-summit-12-anne-kaminsky-meta-image","status":"publish","type":"post","link":"https:\/\/www.europesays.com\/fr\/573983\/","title":{"rendered":"Paris Luxury Summit #12 : Anne Kaminsky (Meta) &#8211; Image"},"content":{"rendered":"<p>Pour sa 12\u00e8me \u00e9dition organis\u00e9e par CB News et Publicis Media, le Paris Luxury Summit se d\u00e9roulera le mardi 9 septembre sur le th\u00e8me \u00ab Time to reload \u00bb. Dans le cadre du th\u00e9\u00e2tre Marigny, l\u2019\u00e9v\u00e9nement propos\u00e9 en partenariat avec l\u2019ACPM, Audi, Canal+ Brand Solutions, Daum, ELLE, IFOP, LVMH, Meta et Pinterest, propose une plong\u00e9e au c\u0153ur des enjeux et des chemins de renouveau du luxe. CB News donne la parole \u00e0 ses partenaires. Aujourd&rsquo;hui, Anne Kaminsky, Global Client Partner Luxury chez Meta.\n<\/p>\n<p>Pour s\u2019inscrire \u00e0 l&rsquo;\u00e9v\u00e9nement, c\u2019est \u25ba <a href=\"https:\/\/evenements.cbnews.fr\/paris-luxury-summit-12\" rel=\"noopener\" target=\"_blank\">ici<\/a>.<\/p>\n<p>La VIDEO<\/p>\n","protected":false},"excerpt":{"rendered":"Pour sa 12\u00e8me \u00e9dition organis\u00e9e par CB News et Publicis Media, le Paris Luxury Summit se d\u00e9roulera le&hellip;\n","protected":false},"author":2,"featured_media":573984,"comment_status":"","ping_status":"","sticky":false,"template":"","format":"standard","meta":{"footnotes":""},"categories":[1888],"tags":[1111,1928,11,1927,1777,674,1011,27,12,1926,626,1925,25],"class_list":{"0":"post-573983","1":"post","2":"type-post","3":"status-publish","4":"format-standard","5":"has-post-thumbnail","7":"category-paris","8":"tag-actu","9":"tag-actu-paris","10":"tag-actualites","11":"tag-actualites-paris","12":"tag-eu","13":"tag-europe","14":"tag-fr","15":"tag-france","16":"tag-news","17":"tag-news-paris","18":"tag-paris","19":"tag-paris-news","20":"tag-republique-francaise"},"share_on_mastodon":{"url":"https:\/\/pubeurope.com\/@fr\/115652131900382731","error":""},"_links":{"self":[{"href":"https:\/\/www.europesays.com\/fr\/wp-json\/wp\/v2\/posts\/573983","targetHints":{"allow":["GET"]}}],"collection":[{"href":"https:\/\/www.europesays.com\/fr\/wp-json\/wp\/v2\/posts"}],"about":[{"href":"https:\/\/www.europesays.com\/fr\/wp-json\/wp\/v2\/types\/post"}],"author":[{"embeddable":true,"href":"https:\/\/www.europesays.com\/fr\/wp-json\/wp\/v2\/users\/2"}],"replies":[{"embeddable":true,"href":"https:\/\/www.europesays.com\/fr\/wp-json\/wp\/v2\/comments?post=573983"}],"version-history":[{"count":0,"href":"https:\/\/www.europesays.com\/fr\/wp-json\/wp\/v2\/posts\/573983\/revisions"}],"wp:featuredmedia":[{"embeddable":true,"href":"https:\/\/www.europesays.com\/fr\/wp-json\/wp\/v2\/media\/573984"}],"wp:attachment":[{"href":"https:\/\/www.europesays.com\/fr\/wp-json\/wp\/v2\/media?parent=573983"}],"wp:term":[{"taxonomy":"category","embeddable":true,"href":"https:\/\/www.europesays.com\/fr\/wp-json\/wp\/v2\/categories?post=573983"},{"taxonomy":"post_tag","embeddable":true,"href":"https:\/\/www.europesays.com\/fr\/wp-json\/wp\/v2\/tags?post=573983"}],"curies":[{"name":"wp","href":"https:\/\/api.w.org\/{rel}","templated":true}]}}