{"id":573989,"date":"2025-12-02T21:39:13","date_gmt":"2025-12-02T21:39:13","guid":{"rendered":"https:\/\/www.europesays.com\/fr\/573989\/"},"modified":"2025-12-02T21:39:13","modified_gmt":"2025-12-02T21:39:13","slug":"les-drones-ukrainiens-font-souffrir-leconomie-russe-encore-un-peu-plus","status":"publish","type":"post","link":"https:\/\/www.europesays.com\/fr\/573989\/","title":{"rendered":"Les drones ukrainiens font souffrir l\u2019\u00e9conomie russe, encore un peu plus"},"content":{"rendered":"<p>Il y a des signes \u00e7\u00e0 et l\u00e0, toujours plus nombreux, qui montrent que les difficult\u00e9s de l\u2019\u00e9conomie russe se pr\u00e9cisent, au moment o\u00f9 se dessine un plan de paix controvers\u00e9 avec l\u2019Ukraine par le biais de l\u2019administration Trump. Les prix des denr\u00e9es alimentaires ont grimp\u00e9 en Russie, tout comme l\u2019inflation en g\u00e9n\u00e9ral. La dette du pays se creuse. Les faillites d\u2019entreprise sont toujours plus nombreuses, notamment dans le commerce de d\u00e9tail. Cette ann\u00e9e, les ventes d\u2019appareils \u00e9lectroniques se sont effondr\u00e9es, celles de voitures neuves \u00e9galement. Des analystes \u00e9voquent une r\u00e9cession in\u00e9luctable dans un futur proche.<\/p>\n<p>Mais si l\u2019\u00e9conomie russe semble souffrir davantage depuis quelques mois, c\u2019est aussi, et peut-\u00eatre surtout, \u00e0 la suite d\u2019une vague, relativement nouvelle, d\u2019attaques de drones ukrainiens contre les infrastructures \u00e9nerg\u00e9tiques du pays.<\/p>\n","protected":false},"excerpt":{"rendered":"Il y a des signes \u00e7\u00e0 et l\u00e0, toujours plus nombreux, qui montrent que les difficult\u00e9s de l\u2019\u00e9conomie&hellip;\n","protected":false},"author":2,"featured_media":573990,"comment_status":"","ping_status":"","sticky":false,"template":"","format":"standard","meta":{"footnotes":""},"categories":[1591],"tags":[11,8042,1887,12,301,1885,1886,132,220],"class_list":{"0":"post-573989","1":"post","2":"type-post","3":"status-publish","4":"format-standard","5":"has-post-thumbnail","7":"category-russie","8":"tag-actualites","9":"tag-economie-mondiale","10":"tag-federation-de-russie","11":"tag-news","12":"tag-premium","13":"tag-russia","14":"tag-russian-federation","15":"tag-russie","16":"tag-ukraine"},"share_on_mastodon":{"url":"https:\/\/pubeurope.com\/@fr\/115652143637417555","error":""},"_links":{"self":[{"href":"https:\/\/www.europesays.com\/fr\/wp-json\/wp\/v2\/posts\/573989","targetHints":{"allow":["GET"]}}],"collection":[{"href":"https:\/\/www.europesays.com\/fr\/wp-json\/wp\/v2\/posts"}],"about":[{"href":"https:\/\/www.europesays.com\/fr\/wp-json\/wp\/v2\/types\/post"}],"author":[{"embeddable":true,"href":"https:\/\/www.europesays.com\/fr\/wp-json\/wp\/v2\/users\/2"}],"replies":[{"embeddable":true,"href":"https:\/\/www.europesays.com\/fr\/wp-json\/wp\/v2\/comments?post=573989"}],"version-history":[{"count":0,"href":"https:\/\/www.europesays.com\/fr\/wp-json\/wp\/v2\/posts\/573989\/revisions"}],"wp:featuredmedia":[{"embeddable":true,"href":"https:\/\/www.europesays.com\/fr\/wp-json\/wp\/v2\/media\/573990"}],"wp:attachment":[{"href":"https:\/\/www.europesays.com\/fr\/wp-json\/wp\/v2\/media?parent=573989"}],"wp:term":[{"taxonomy":"category","embeddable":true,"href":"https:\/\/www.europesays.com\/fr\/wp-json\/wp\/v2\/categories?post=573989"},{"taxonomy":"post_tag","embeddable":true,"href":"https:\/\/www.europesays.com\/fr\/wp-json\/wp\/v2\/tags?post=573989"}],"curies":[{"name":"wp","href":"https:\/\/api.w.org\/{rel}","templated":true}]}}