{"id":573991,"date":"2025-12-02T21:40:15","date_gmt":"2025-12-02T21:40:15","guid":{"rendered":"https:\/\/www.europesays.com\/fr\/573991\/"},"modified":"2025-12-02T21:40:15","modified_gmt":"2025-12-02T21:40:15","slug":"arte-journal-02-12-2025-guerre-en-ukraine-decharges-oubliees-en-europe-regarder-lemission-complete","status":"publish","type":"post","link":"https:\/\/www.europesays.com\/fr\/573991\/","title":{"rendered":"ARTE Journal &#8211; 02\/12\/2025 &#8211; Guerre en Ukraine \/ D\u00e9charges oubli\u00e9es en Europe &#8211; Regarder l\u2019\u00e9mission compl\u00e8te"},"content":{"rendered":"<p>Tandis que les Europ\u00e9ens attendent inquiets le r\u00e9sultat de l&rsquo;entretien entre l&rsquo;\u00e9missaire am\u00e9ricain Steve Witkoff et Vladimir Poutine, la Russie annonce avoir pris le contr\u00f4le de la ville de Pokrovsk, dans l&rsquo;Est de l&rsquo;Ukraine &#8211; ce que Kiev d\u00e9ment \/ ARTE Journal consacre son dossier aux anciennes d\u00e9charges, qui continuent de polluer sols et rivi\u00e8res \u00e0 travers l&rsquo;UE. Probl\u00e8me: elles ne sont toujours pas recens\u00e9es. Que peut l&rsquo;UE ?<\/p>\n","protected":false},"excerpt":{"rendered":"Tandis que les Europ\u00e9ens attendent inquiets le r\u00e9sultat de l&rsquo;entretien entre l&rsquo;\u00e9missaire am\u00e9ricain Steve Witkoff et Vladimir Poutine,&hellip;\n","protected":false},"author":2,"featured_media":570160,"comment_status":"","ping_status":"","sticky":false,"template":"","format":"standard","meta":{"footnotes":""},"categories":[1590],"tags":[11,1777,674,12,220],"class_list":{"0":"post-573991","1":"post","2":"type-post","3":"status-publish","4":"format-standard","5":"has-post-thumbnail","7":"category-ukraine","8":"tag-actualites","9":"tag-eu","10":"tag-europe","11":"tag-news","12":"tag-ukraine"},"share_on_mastodon":{"url":"https:\/\/pubeurope.com\/@fr\/115652147632594457","error":""},"_links":{"self":[{"href":"https:\/\/www.europesays.com\/fr\/wp-json\/wp\/v2\/posts\/573991","targetHints":{"allow":["GET"]}}],"collection":[{"href":"https:\/\/www.europesays.com\/fr\/wp-json\/wp\/v2\/posts"}],"about":[{"href":"https:\/\/www.europesays.com\/fr\/wp-json\/wp\/v2\/types\/post"}],"author":[{"embeddable":true,"href":"https:\/\/www.europesays.com\/fr\/wp-json\/wp\/v2\/users\/2"}],"replies":[{"embeddable":true,"href":"https:\/\/www.europesays.com\/fr\/wp-json\/wp\/v2\/comments?post=573991"}],"version-history":[{"count":0,"href":"https:\/\/www.europesays.com\/fr\/wp-json\/wp\/v2\/posts\/573991\/revisions"}],"wp:featuredmedia":[{"embeddable":true,"href":"https:\/\/www.europesays.com\/fr\/wp-json\/wp\/v2\/media\/570160"}],"wp:attachment":[{"href":"https:\/\/www.europesays.com\/fr\/wp-json\/wp\/v2\/media?parent=573991"}],"wp:term":[{"taxonomy":"category","embeddable":true,"href":"https:\/\/www.europesays.com\/fr\/wp-json\/wp\/v2\/categories?post=573991"},{"taxonomy":"post_tag","embeddable":true,"href":"https:\/\/www.europesays.com\/fr\/wp-json\/wp\/v2\/tags?post=573991"}],"curies":[{"name":"wp","href":"https:\/\/api.w.org\/{rel}","templated":true}]}}