{"id":573992,"date":"2025-12-02T21:41:15","date_gmt":"2025-12-02T21:41:15","guid":{"rendered":"https:\/\/www.europesays.com\/fr\/573992\/"},"modified":"2025-12-02T21:41:15","modified_gmt":"2025-12-02T21:41:15","slug":"rutte-rejette-les-inquietudes-concernant-lengagement-des-etats-unis-a-legard-de-lotan-avant-la-reunion-sur-lukraine","status":"publish","type":"post","link":"https:\/\/www.europesays.com\/fr\/573992\/","title":{"rendered":"Rutte rejette les inqui\u00e9tudes concernant l&rsquo;engagement des \u00c9tats-Unis \u00e0 l&rsquo;\u00e9gard de l&rsquo;OTAN avant la r\u00e9union sur l&rsquo;Ukraine"},"content":{"rendered":"<p>Le secr\u00e9taire g\u00e9n\u00e9ral de l&rsquo;OTAN, Mark Rutte, a balay\u00e9 les nouvelles inqui\u00e9tudes concernant l&rsquo;engagement des \u00c9tats-Unis envers l&rsquo;organisation militaire, mardi, \u00e0 la veille d&rsquo;une r\u00e9union des ministres des Affaires \u00e9trang\u00e8res des pays alli\u00e9s consacr\u00e9e \u00e0 la guerre de la Russie contre l&rsquo;Ukraine.<\/p>\n<p>Le secr\u00e9taire d&rsquo;\u00c9tat am\u00e9ricain Marco Rubio n&rsquo;assistera pas \u00e0 la r\u00e9union de mercredi, qui se d\u00e9roulera dans le cadre de n\u00e9gociations de haut niveau \u00e0 Moscou et ailleurs en Europe sur l&rsquo;avenir de l&rsquo;Ukraine.<\/p>\n<p>Cette rare absence de Rubio \u00e0 la r\u00e9union de l&rsquo;alliance dirig\u00e9e par les \u00c9tats-Unis intervient apr\u00e8s que la proposition en 28 points du pr\u00e9sident Donald Trump visant \u00e0 mettre fin \u00e0 la guerre qui dure depuis pr\u00e8s de quatre ans a constern\u00e9 les alli\u00e9s europ\u00e9ens et le Canada le mois dernier.<\/p>\n<p>S&rsquo;adressant aux journalistes avant la r\u00e9union, Rutte a soulign\u00e9 que Rubio avait juste un emploi du temps charg\u00e9.<\/p>\n<p>\u00ab\u00a0Il travaille tr\u00e8s dur pour s&rsquo;occuper non seulement de la situation en Ukraine, mais aussi des nombreux autres dossiers qui l&rsquo;occupent\u00a0\u00bb, a d\u00e9clar\u00e9 l&rsquo;ancien Premier ministre n\u00e9erlandais.<\/p>\n<p>\u00ab\u00a0J&rsquo;accepte donc tout \u00e0 fait qu&rsquo;il ne puisse pas \u00eatre l\u00e0 demain et je ne lirais rien dans ce document\u00a0\u00bb.<\/p>\n<p>Un haut fonctionnaire du d\u00e9partement d&rsquo;\u00c9tat, s&rsquo;exprimant sous le couvert de l&rsquo;anonymat pour discuter des raisons internes de l&rsquo;administration concernant cette absence, a d\u00e9clar\u00e9 que Rubio avait d\u00e9j\u00e0 particip\u00e9 \u00e0 des dizaines de r\u00e9unions avec des alli\u00e9s de l&rsquo;OTAN, \u00ab\u00a0et qu&rsquo;il ne serait absolument pas pratique de l&rsquo;attendre \u00e0 chaque r\u00e9union\u00a0\u00bb.<\/p>\n<p>Le secr\u00e9taire d&rsquo;\u00c9tat adjoint Christopher Landau assistera \u00e0 la r\u00e9union et fera pression sur les alli\u00e9s pour qu&rsquo;ils respectent leur engagement d&rsquo;investir 5 % de leur produit int\u00e9rieur brut dans la d\u00e9fense.<\/p>\n<p>La proposition de paix initiale de M. Trump<\/p>\n<p>Le projet de plan de l&rsquo;administration sugg\u00e8re que l&rsquo;OTAN ne s&rsquo;\u00e9largisse pas davantage, une exigence russe de longue date, et que l&rsquo;Ukraine ne soit pas admise au sein de l&rsquo;alliance, rompant ainsi avec la promesse faite \u00e0 Kyiv depuis des ann\u00e9es qu&rsquo;elle a sa place \u00e0 la table de l&rsquo;organisation.<\/p>\n<p>L&rsquo;UE et l&rsquo;Ukraine ont d&#8217;embl\u00e9e <a href=\"https:\/\/fr.euronews.com\/my-europe\/2025\/11\/22\/ukraine-les-europeens-rejettent-le-plan-de-paix-de-trump-quils-qualifient-debauche\" target=\"_blank\" rel=\"noopener\"><strong>rejet\u00e9 ces exigences<\/strong><\/a>, et elles pourraient ne plus figurer dans le texte r\u00e9vis\u00e9 \u00e0 <a href=\"https:\/\/fr.euronews.com\/2025\/11\/24\/pourparlers-de-geneve-kyiv-et-washington-font-etat-de-progres-le-contre-projet-europeen-pu\" target=\"_blank\" rel=\"noopener\"><strong>Gen\u00e8ve<\/strong> <\/a>avec la participation de <a href=\"https:\/\/fr.euronews.com\/2025\/11\/30\/les-pourparlers-entre-responsables-americains-et-ukrainiens-ont-debute\" target=\"_blank\" rel=\"noopener\"><strong>la d\u00e9l\u00e9gation ukrainienne<\/strong><\/a>.<\/p>\n<p>Le plan pr\u00e9voit \u00e9galement l&rsquo;organisation d&rsquo;un dialogue entre la Russie et l&rsquo;OTAN, sous la m\u00e9diation des \u00c9tats-Unis, afin de r\u00e9soudre toutes les questions de s\u00e9curit\u00e9 et de cr\u00e9er des opportunit\u00e9s commerciales. La mani\u00e8re dont le membre le plus influent de l&rsquo;OTAN pourrait servir de m\u00e9diateur impartial n&rsquo;est pas claire.<\/p>\n<p>Rutte a \u00e9galement minimis\u00e9 les parties litigieuses du plan initial de Trump pour mettre fin \u00e0 la guerre, affirmant qu&rsquo;il avait \u00e9t\u00e9 fortement remani\u00e9 pour r\u00e9pondre aux pr\u00e9occupations europ\u00e9ennes.<\/p>\n<p>\u00ab\u00a0Il faut bien commencer quelque part. Il faut avoir des propositions sur la table\u00a0\u00bb, a-t-il d\u00e9clar\u00e9.<\/p>\n<p>\u00ab\u00a0Lorsqu&rsquo;il s&rsquo;agit des \u00e9l\u00e9ments OTAN d&rsquo;un accord visant \u00e0 mettre fin \u00e0 la guerre contre l&rsquo;Ukraine, ils seront trait\u00e9s s\u00e9par\u00e9ment. Et cela inclura \u00e9videmment l&rsquo;OTAN\u00a0\u00bb.<\/p>\n<p>Malgr\u00e9 la proposition d&rsquo;exclure l&rsquo;adh\u00e9sion de l&rsquo;Ukraine, l&rsquo;ancien Premier ministre n\u00e9erlandais a insist\u00e9 sur le fait que le pays restait sur une \u00ab\u00a0voie irr\u00e9versible\u00a0\u00bb pour rejoindre la plus grande alliance de s\u00e9curit\u00e9 au monde, comme les dirigeants de l&rsquo;OTAN s&rsquo;y sont engag\u00e9s \u00e0 Washington en 2024.<\/p>\n<p>Il a toutefois soulign\u00e9 qu&rsquo;il \u00e9tait politiquement impossible pour l&rsquo;Ukraine de devenir membre, ce qui n\u00e9cessiterait l&rsquo;accord unanime des 32 alli\u00e9s.<\/p>\n<p>L&rsquo;administration Trump a exclu cette possibilit\u00e9, et la Hongrie et la Slovaquie y sont \u00e9galement oppos\u00e9es.<\/p>\n<p>\u00ab\u00a0\u00c0 l&rsquo;heure actuelle, comme vous le savez, il n&rsquo;y a pas de consensus sur l&rsquo;adh\u00e9sion de l&rsquo;Ukraine \u00e0 l&rsquo;OTAN\u00a0\u00bb, a d\u00e9clar\u00e9 Rutte.<\/p>\n<p>Ventes d&rsquo;armes et r\u00e9duction des effectifs<\/p>\n<p>Lors du dernier sommet de l&rsquo;OTAN \u00e0 La Haye, Donald Trump a rassur\u00e9 ses partenaires europ\u00e9ens en affirmant l&rsquo;engagement des \u00c9tats-Unis en faveur de l&rsquo;article 5, la garantie de s\u00e9curit\u00e9 collective qui stipule qu&rsquo;une attaque contre un alli\u00e9 doit \u00eatre consid\u00e9r\u00e9e comme une attaque contre tous les alli\u00e9s.<\/p>\n<p>Il a d\u00e9crit les autres dirigeants de l&rsquo;OTAN comme un \u00ab\u00a0groupe de personnes sympathiques\u00a0\u00bb et a d\u00e9clar\u00e9 que \u00ab\u00a0presque chacun d&rsquo;entre eux a dit &lsquo;Dieu merci pour les \u00c9tats-Unis'\u00a0\u00bb. Mais plusieurs des remarques qu&rsquo;il a formul\u00e9es depuis lors semblent placer les \u00c9tats-Unis en dehors de l&rsquo;organisation qu&rsquo;ils dirigent depuis longtemps.<\/p>\n<p>\u00ab\u00a0Nous vendons beaucoup d&rsquo;armes \u00e0 l&rsquo;OTAN et ces armes vont, je suppose, en grande partie \u00e0 l&rsquo;Ukraine\u00a0\u00bb, a d\u00e9clar\u00e9 Trump lors d&rsquo;une r\u00e9union \u00e0 la Maison-Blanche avec le pr\u00e9sident finlandais Alexander Stubb en octobre.<\/p>\n<p>\u00ab\u00a0C&rsquo;est \u00e0 eux de d\u00e9cider, mais ils ach\u00e8tent des armes aux \u00c9tats-Unis\u00a0\u00bb.<\/p>\n<p>Les inqui\u00e9tudes sont \u00e9galement vives quant \u00e0 une nouvelle r\u00e9duction des troupes am\u00e9ricaines en Europe. La Roumanie a annonc\u00e9 en octobre que les \u00c9tats-Unis r\u00e9duiraient leur pr\u00e9sence militaire dans le pays de 3 000 hommes, car ils se concentrent sur les menaces \u00e0 la s\u00e9curit\u00e9 en Asie et ailleurs.<\/p>\n<p>L&rsquo;administration devrait annoncer ses plans de d\u00e9placement des troupes au d\u00e9but de l&rsquo;ann\u00e9e 2026.<\/p>\n","protected":false},"excerpt":{"rendered":"Le secr\u00e9taire g\u00e9n\u00e9ral de l&rsquo;OTAN, Mark Rutte, a balay\u00e9 les nouvelles inqui\u00e9tudes concernant l&rsquo;engagement des \u00c9tats-Unis envers l&rsquo;organisation&hellip;\n","protected":false},"author":2,"featured_media":573993,"comment_status":"","ping_status":"","sticky":false,"template":"","format":"standard","meta":{"footnotes":""},"categories":[1589],"tags":[11,828,73,1866,131,2025,2287,12,136,1864,1865,1863,308],"class_list":{"0":"post-573992","1":"post","2":"type-post","3":"status-publish","4":"format-standard","5":"has-post-thumbnail","7":"category-etats-unis","8":"tag-actualites","9":"tag-belgique","10":"tag-etats-unis","11":"tag-etats-unis-damerique","12":"tag-guerre-en-ukraine","13":"tag-invasion-de-la-russie-en-ukraine","14":"tag-mark-rutte","15":"tag-news","16":"tag-otan","17":"tag-united-states","18":"tag-united-states-of-america","19":"tag-us","20":"tag-usa"},"share_on_mastodon":{"url":"https:\/\/pubeurope.com\/@fr\/115652151541821094","error":""},"_links":{"self":[{"href":"https:\/\/www.europesays.com\/fr\/wp-json\/wp\/v2\/posts\/573992","targetHints":{"allow":["GET"]}}],"collection":[{"href":"https:\/\/www.europesays.com\/fr\/wp-json\/wp\/v2\/posts"}],"about":[{"href":"https:\/\/www.europesays.com\/fr\/wp-json\/wp\/v2\/types\/post"}],"author":[{"embeddable":true,"href":"https:\/\/www.europesays.com\/fr\/wp-json\/wp\/v2\/users\/2"}],"replies":[{"embeddable":true,"href":"https:\/\/www.europesays.com\/fr\/wp-json\/wp\/v2\/comments?post=573992"}],"version-history":[{"count":0,"href":"https:\/\/www.europesays.com\/fr\/wp-json\/wp\/v2\/posts\/573992\/revisions"}],"wp:featuredmedia":[{"embeddable":true,"href":"https:\/\/www.europesays.com\/fr\/wp-json\/wp\/v2\/media\/573993"}],"wp:attachment":[{"href":"https:\/\/www.europesays.com\/fr\/wp-json\/wp\/v2\/media?parent=573992"}],"wp:term":[{"taxonomy":"category","embeddable":true,"href":"https:\/\/www.europesays.com\/fr\/wp-json\/wp\/v2\/categories?post=573992"},{"taxonomy":"post_tag","embeddable":true,"href":"https:\/\/www.europesays.com\/fr\/wp-json\/wp\/v2\/tags?post=573992"}],"curies":[{"name":"wp","href":"https:\/\/api.w.org\/{rel}","templated":true}]}}