{"id":573998,"date":"2025-12-02T21:44:18","date_gmt":"2025-12-02T21:44:18","guid":{"rendered":"https:\/\/www.europesays.com\/fr\/573998\/"},"modified":"2025-12-02T21:44:18","modified_gmt":"2025-12-02T21:44:18","slug":"pas-de-medaille-mais-quatre-bleus-en-finale","status":"publish","type":"post","link":"https:\/\/www.europesays.com\/fr\/573998\/","title":{"rendered":"Pas de m\u00e9daille mais quatre Bleus en finale"},"content":{"rendered":"<p><strong>La premi\u00e8re journ\u00e9e des<br \/>\nchampionnats d&rsquo;Europe en petit bassin de Lublin n&rsquo;a pas permis \u00e0 la<br \/>\nFrance de d\u00e9crocher de m\u00e9daille, mais Maxime Grousset (avec le<br \/>\nrecord de France), Mewen Tomac, B\u00e9ryl Gastaldello et Pauline Mahieu<br \/>\nse sont qualifi\u00e9s pour leurs finales respectives, qui se<br \/>\nd\u00e9rouleront mercredi soir.<\/strong><\/p>\n<p>Apr\u00e8s les 23 m\u00e9dailles d\u00e9croch\u00e9es il y a deux ans lors des<br \/>\nchampionnats d\u2019Europe en petit bassin en Roumanie, l\u2019\u00e9quipe de<br \/>\nFrance s\u2019avance avec un peu moins d\u2019ambitions cette semaine \u00e0<br \/>\nLublin, en Pologne, en l\u2019absence de ses deux leaders L\u00e9on Marchand<br \/>\net Anastasiia Kirpichnikova. Et la premi\u00e8re journ\u00e9e n\u2019a pas permis<br \/>\naux Bleus de d\u00e9crocher la moindre m\u00e9daille.<\/p>\n<p>La France avait une seule chance de monter sur un podium lors de<br \/>\ncette premi\u00e8re session de soir\u00e9e, \u00e0 l\u2019occasion du relais 4x50m nage<br \/>\nlibre f\u00e9minin. Mais <strong>Anastasia Urbaniak, Marina Jehl, Analia<br \/>\nPigr\u00e9e et Beryl Gastaldello<\/strong> n\u2019ont pu faire mieux que<br \/>\ncinqui\u00e8mes, en 1\u201936\u203335, lors d\u2019une finale remport\u00e9e par les<br \/>\nPays-Bas (1\u201933\u203385) devant l\u2019Italie (1\u201934\u203330) et la Pologne<br \/>\n(1\u201935\u203375).<\/p>\n<p>Gastaldello et Mahieu signent le<br \/>\nmeilleur temps des demies<\/p>\n<p>Un peu plus t\u00f4t, cette m\u00eame <strong>Beryl Gastaldello<\/strong>,<br \/>\nqui s\u2019\u00e9tait fait une petite frayeur dans la matin\u00e9e lors des s\u00e9ries<br \/>\ndu 50m papillon en pensant avoir d\u00e9pass\u00e9 les quinze m\u00e8tres de<br \/>\ncoul\u00e9e, s\u2019est bien rattrap\u00e9e dans la soir\u00e9e, en remportant sa<br \/>\ndemi-finale en 25\u203300.<\/p>\n<p>La Marseillaise de 30 ans, m\u00e9daill\u00e9e d\u2019argent en 2019 sur cette<br \/>\ndistance, a m\u00eame sign\u00e9 le meilleur temps des demies et peut nourrir<br \/>\nde belles ambitions pour la finale, qui se d\u00e9roulera mercredi \u00e0<br \/>\n19h00. Qualification \u00e9galement en finale pour <strong>Pauline<br \/>\nMahieu<\/strong>, sur 200m dos. La Nordiste de 26 ans, m\u00e9daill\u00e9e de<br \/>\nbronze il y a deux ans, a remport\u00e9 sa demie en 2\u201903\u203367 et aucune<br \/>\nnageuse n\u2019a fait mieux. Sa finale aura lieu mercredi \u00e0 19h10.<\/p>\n<p>Grousset bat son propre record de<br \/>\nFrance<\/p>\n<p><strong>Maxime Grousset<\/strong>, l\u2019une des stars de la natation<br \/>\nfran\u00e7aise, a commenc\u00e9 son Euro par le 50m papillon, \u00e9preuve sur<br \/>\nlaquelle il avait d\u00e9croch\u00e9 le bronze il y a deux ans. Et le<br \/>\nCal\u00e9donien de 26 ans disputera une nouvelle finale, apr\u00e8s avoir<br \/>\nremport\u00e9 sa demi-finale en 21\u203395. Il am\u00e9liore ainsi son record de<br \/>\nFrance de sept centi\u00e8mes ! Il s\u2019agit du deuxi\u00e8me temps des demies,<br \/>\nderri\u00e8re le Suisse No\u00e9 Ponti, qui a battu le record des<br \/>\nchampionnats en 21\u203351. Rendez-vous mercredi \u00e0 19h05 pour la finale<br \/>\n! Sur 200m dos, le m\u00e9daill\u00e9 de bronze de la derni\u00e8re \u00e9dition<br \/>\n<strong>Mewen Tomac<\/strong> verra de nouveau la finale, apr\u00e8s<br \/>\navoir gagn\u00e9 sa demie en 1\u201949\u203311, finissant deuxi\u00e8me au total,<br \/>\nderri\u00e8re l\u2019Irlande John Shortt (1\u201948\u203384). Le Normand de 24 ans<br \/>\ndisputera sa finale mercredi \u00e0 19h17. Sur 100m brasse, le Ni\u00e7ois de<br \/>\n24 ans <strong>J\u00e9r\u00e9mie Delbois<\/strong> a \u00e9t\u00e9 \u00e9limin\u00e9 en demies,<br \/>\napr\u00e8s avoir sign\u00e9 le 7e temps de sa course en 57\u203357, bien loin du<br \/>\nmeilleur temps \u00e9tabli par le N\u00e9erlandais Caspar Corbeau<br \/>\n(55\u203377).<\/p>\n<p>A noter \u00e9galement lors de cette premi\u00e8re session de soir\u00e9e, dans<br \/>\ndes courses ne concernant pas les nageurs fran\u00e7ais, le titre<br \/>\nremport\u00e9 par le Britannique Jack McMillan sur 400m nage libre (en<br \/>\n3\u201936\u203333), par l\u2019Italie sur le relais 4x50m nage libre masculin (en<br \/>\n1\u201922\u203390) et par l\u2019Allemande Isabel Gose sur 400m nage libre (en<br \/>\n3\u201954\u203333, nouveau record d\u2019Europe et des championnats).<\/p>\n","protected":false},"excerpt":{"rendered":"La premi\u00e8re journ\u00e9e des championnats d&rsquo;Europe en petit bassin de Lublin n&rsquo;a pas permis \u00e0 la France de&hellip;\n","protected":false},"author":2,"featured_media":573999,"comment_status":"","ping_status":"","sticky":false,"template":"","format":"standard","meta":{"footnotes":""},"categories":[1586],"tags":[11,1777,674,1011,27,68822,68823,68824,12,25,57681,68825],"class_list":{"0":"post-573998","1":"post","2":"type-post","3":"status-publish","4":"format-standard","5":"has-post-thumbnail","7":"category-europe","8":"tag-actualites","9":"tag-eu","10":"tag-europe","11":"tag-fr","12":"tag-france","13":"tag-gastadello","14":"tag-grousset","15":"tag-mahieu","16":"tag-news","17":"tag-republique-francaise","18":"tag-sport365-fr","19":"tag-tomac"},"share_on_mastodon":{"url":"https:\/\/pubeurope.com\/@fr\/115652163273359319","error":""},"_links":{"self":[{"href":"https:\/\/www.europesays.com\/fr\/wp-json\/wp\/v2\/posts\/573998","targetHints":{"allow":["GET"]}}],"collection":[{"href":"https:\/\/www.europesays.com\/fr\/wp-json\/wp\/v2\/posts"}],"about":[{"href":"https:\/\/www.europesays.com\/fr\/wp-json\/wp\/v2\/types\/post"}],"author":[{"embeddable":true,"href":"https:\/\/www.europesays.com\/fr\/wp-json\/wp\/v2\/users\/2"}],"replies":[{"embeddable":true,"href":"https:\/\/www.europesays.com\/fr\/wp-json\/wp\/v2\/comments?post=573998"}],"version-history":[{"count":0,"href":"https:\/\/www.europesays.com\/fr\/wp-json\/wp\/v2\/posts\/573998\/revisions"}],"wp:featuredmedia":[{"embeddable":true,"href":"https:\/\/www.europesays.com\/fr\/wp-json\/wp\/v2\/media\/573999"}],"wp:attachment":[{"href":"https:\/\/www.europesays.com\/fr\/wp-json\/wp\/v2\/media?parent=573998"}],"wp:term":[{"taxonomy":"category","embeddable":true,"href":"https:\/\/www.europesays.com\/fr\/wp-json\/wp\/v2\/categories?post=573998"},{"taxonomy":"post_tag","embeddable":true,"href":"https:\/\/www.europesays.com\/fr\/wp-json\/wp\/v2\/tags?post=573998"}],"curies":[{"name":"wp","href":"https:\/\/api.w.org\/{rel}","templated":true}]}}