{"id":574000,"date":"2025-12-02T21:45:16","date_gmt":"2025-12-02T21:45:16","guid":{"rendered":"https:\/\/www.europesays.com\/fr\/574000\/"},"modified":"2025-12-02T21:45:16","modified_gmt":"2025-12-02T21:45:16","slug":"marianne-viville-vous-accueille-dans-une-nouvelle-boutique-a-eu","status":"publish","type":"post","link":"https:\/\/www.europesays.com\/fr\/574000\/","title":{"rendered":"Marianne Viville vous accueille dans une nouvelle boutique \u00e0 Eu"},"content":{"rendered":"<p>                    Par<br \/>\n        <strong><br \/>\n            <a href=\"https:\/\/actu.fr\/auteur\/jerome-buresi\" title=\"Consulter tous les articles de J\u00e9r\u00f4me Buresi\" target=\"_blank\" rel=\"noopener\">J\u00e9r\u00f4me Buresi<\/a><br \/>\n                    <\/strong><\/p>\n<p>        Publi\u00e9 le<\/p>\n<p>            2 d\u00e9c. 2025 \u00e0 20h10        <\/p>\n<p>Marianne Viville a eu envie de sauter le pas\u2009: ouvrir une boutique. Elle vous accueille depuis le 5\u00a0novembre 2025 dans son magasin de <a href=\"https:\/\/actu.fr\/normandie\/eu_76255\" target=\"_blank\" rel=\"noopener\">Eu<\/a>, en Seine-Maritime, pour pr\u00e9senter ses <b>cr\u00e9ations<\/b>. \u00ab\u2009J\u2019\u00e9tais <b>mannequin <\/b>et au d\u00e9part mes cr\u00e9ations \u00e9taient un hobby\u2009\u00bb. En reconversion professionnelle, elle a cr\u00e9\u00e9 sa marque il y a six ans. La cr\u00e9atrice est originaire de la cit\u00e9 royale et est donc tr\u00e8s satisfaite de pouvoir y installer son activit\u00e9.<\/p>\n<p>Au d\u00e9part, un hobby<\/p>\n<p class=\" wall-content\">C\u2019est une cr\u00e9atrice de <b>bijoux <\/b>qui vous accueille depuis le 5\u00a0novembre au 9 rue du Mar\u00e9chal Foch \u00e0 Eu. Marianne Viville travaille sur place et pr\u00e9sente ses cr\u00e9ations de la marque Marianne Vey.\u00a0Elle pr\u00e9sentait auparavant ses bijoux en ligne, sur des march\u00e9s de cr\u00e9ateurs ou autres manifestations et elle a eu envie de sauter le pas\u2009: ouvrir une boutique. \u00ab\u2009J\u2019ai eu l\u2019opportunit\u00e9 d\u2019int\u00e9grer un local disponible que j\u2019ai commenc\u00e9 \u00e0 r\u00e9am\u00e9nager\u2009\u00bb.<\/p>\n<p>\u00ab\u2009Des pierres naturelles\u2009\u00bb<\/p>\n<p class=\" wall-content\">Colliers et sautoirs, bracelets, boucles d\u2019oreilles\u2026 La cr\u00e9atrice puise son inspiration dans le monde et la nature qui l\u2019entoure. \u00ab\u2009Ce sont des bijoux fantaisie, mais avec un plaqu\u00e9 or de tr\u00e8s haute qualit\u00e9 (N.d.l. R\u2009: Gold-filled 14k pour les connaisseurs) et des pierres naturelles\u00a0\u00bb, assure-t-elle. \u00ab\u2009Je peux proposer aussi d\u2019autres id\u00e9es de cr\u00e9ations\u2009: des bracelets de cheville, des bijoux masculins, selon les demandes. Les clients peuvent venir me rencontrer et nous voyons ensemble ce qu\u2019il est possible de faire\u2009\u00bb.<\/p>\n<p class=\" wall-content\">Cela peut peut-\u00eatre vous donner des id\u00e9es de cadeaux pour les f\u00eates de fin d\u2019ann\u00e9e. Marianne Viville sera d\u2019ailleurs pr\u00e9sente au march\u00e9 de No\u00ebl de Eu, du 3 au 7\u00a0d\u00e9cembre. La boutique sera ensuite ouverte tous les jours, \u00e0 partir du mardi 9\u00a0d\u00e9cembre, pendant la p\u00e9riode des f\u00eates, puis du mercredi au samedi.<\/p>\n<p class=\" wall-content\">Personnalisez votre actualit\u00e9 en ajoutant vos villes et m\u00e9dias en favori avec <a href=\"https:\/\/moncompte.actu.fr\" title=\"D\u00e9couvez Mon Actu\" rel=\"nofollow noopener\" data-trk=\"{&quot;cta&quot;:{&quot;action&quot;:&quot;https:\\\/\\\/moncompte.actu.fr&quot;,&quot;category&quot;:&quot;mon compte&quot;,&quot;from&quot;:&quot;article footer&quot;,&quot;name&quot;:&quot;Mon actu&quot;,&quot;type&quot;:&quot;cta&quot;}}\" target=\"_blank\">Mon Actu<\/a>.<\/p>\n","protected":false},"excerpt":{"rendered":"Par J\u00e9r\u00f4me Buresi Publi\u00e9 le 2 d\u00e9c. 2025 \u00e0 20h10 Marianne Viville a eu envie de sauter le&hellip;\n","protected":false},"author":2,"featured_media":574001,"comment_status":"","ping_status":"","sticky":false,"template":"","format":"standard","meta":{"footnotes":""},"categories":[1586],"tags":[11,215,33,1777,674,1779,1011,27,12,25,1778,364,3587],"class_list":{"0":"post-574000","1":"post","2":"type-post","3":"status-publish","4":"format-standard","5":"has-post-thumbnail","7":"category-europe","8":"tag-actualites","9":"tag-commerce","10":"tag-economie","11":"tag-eu","12":"tag-europe","13":"tag-european-union","14":"tag-fr","15":"tag-france","16":"tag-news","17":"tag-republique-francaise","18":"tag-ue","19":"tag-union-europeenne","20":"tag-villes-soeurs"},"share_on_mastodon":{"url":"https:\/\/pubeurope.com\/@fr\/115652167284334695","error":""},"_links":{"self":[{"href":"https:\/\/www.europesays.com\/fr\/wp-json\/wp\/v2\/posts\/574000","targetHints":{"allow":["GET"]}}],"collection":[{"href":"https:\/\/www.europesays.com\/fr\/wp-json\/wp\/v2\/posts"}],"about":[{"href":"https:\/\/www.europesays.com\/fr\/wp-json\/wp\/v2\/types\/post"}],"author":[{"embeddable":true,"href":"https:\/\/www.europesays.com\/fr\/wp-json\/wp\/v2\/users\/2"}],"replies":[{"embeddable":true,"href":"https:\/\/www.europesays.com\/fr\/wp-json\/wp\/v2\/comments?post=574000"}],"version-history":[{"count":0,"href":"https:\/\/www.europesays.com\/fr\/wp-json\/wp\/v2\/posts\/574000\/revisions"}],"wp:featuredmedia":[{"embeddable":true,"href":"https:\/\/www.europesays.com\/fr\/wp-json\/wp\/v2\/media\/574001"}],"wp:attachment":[{"href":"https:\/\/www.europesays.com\/fr\/wp-json\/wp\/v2\/media?parent=574000"}],"wp:term":[{"taxonomy":"category","embeddable":true,"href":"https:\/\/www.europesays.com\/fr\/wp-json\/wp\/v2\/categories?post=574000"},{"taxonomy":"post_tag","embeddable":true,"href":"https:\/\/www.europesays.com\/fr\/wp-json\/wp\/v2\/tags?post=574000"}],"curies":[{"name":"wp","href":"https:\/\/api.w.org\/{rel}","templated":true}]}}