{"id":574004,"date":"2025-12-02T21:47:14","date_gmt":"2025-12-02T21:47:14","guid":{"rendered":"https:\/\/www.europesays.com\/fr\/574004\/"},"modified":"2025-12-02T21:47:14","modified_gmt":"2025-12-02T21:47:14","slug":"stephane-bern-dans-danse-avec-les-stars-pourquoi-a-t-il-accepte-de-rejoindre-le-casting","status":"publish","type":"post","link":"https:\/\/www.europesays.com\/fr\/574004\/","title":{"rendered":"St\u00e9phane Bern dans Danse avec les stars : pourquoi a-t-il accept\u00e9 de rejoindre le casting ?"},"content":{"rendered":"<p>St\u00e9phane Bern rejoint <strong>officiellement<\/strong> le<br \/>\n<a href=\"https:\/\/www.closermag.fr\/people\/laure-manaudou-rejoint-le-casting-dune-celebre-emission-de-tf1-et-ca-va-ravir-les-fans-3600360\" target=\"_blank\" rel=\"noopener\"><br \/>\ncasting de Danse avec les stars saison 15<\/a>.<br \/>\n\u201cMonsieur Patrimoine\u201d a <strong>confirm\u00e9<\/strong> qu\u2019il<br \/>\nfoulera le parquet de TF1 en 2026. D\u00e9j\u00e0 <strong>familier<\/strong><br \/>\nde plusieurs styles de danse gr\u00e2ce \u00e0 ses <strong>exp\u00e9riences<br \/>\nt\u00e9l\u00e9vis\u00e9es<\/strong> et <strong>mondaines<\/strong>, il explique<br \/>\navoir accept\u00e9 ce d\u00e9fi pour \u201c<strong>rester jeune<\/strong>\u201d<br \/>\net se lancer un nouveau <strong>challenge<\/strong>.<\/p>\n<p>Au fil de sa carri\u00e8re, St\u00e9phane Bern s\u2019est essay\u00e9 \u00e0<br \/>\n<strong>plusieurs styles de danse.<\/strong> Du Bal des d\u00e9butantes<br \/>\nau Bal de la Rose \u00e0 Monaco ou dans Comment \u00e7a va bien ! o\u00f9<br \/>\nil suivait les cours donn\u00e9s par Valentine. Il ne <strong>reculait<br \/>\ndevant rien.<\/strong> Pas m\u00eame les <strong>chor\u00e9graphies<br \/>\nBollywood<\/strong> ou <strong>les pas fa\u00e7on Britney<br \/>\nSpears.<\/strong><\/p>\n<p>La saison Danse avec les stars 2026 s\u2019annonce d\u00e9j\u00e0<br \/>\ntr\u00e8s attendue : le casting se d\u00e9voile<\/p>\n<p>Alors que le <a href=\"https:\/\/www.closermag.fr\/people\/miss-france-2026-sitot-lelection-finie-angelique-angarni-filopon-integrera-cette-emission-tele-phare-de-tf1-3600296\" target=\"_blank\" rel=\"noopener\"><br \/>\nreste du casting de Danse avec les stars<\/a> se d\u00e9voile<br \/>\npetit \u00e0 petit, TF1 a d\u00e9j\u00e0 confirm\u00e9 plusieurs<br \/>\n<strong>retours<\/strong> pour cette quinzi\u00e8me saison. Celui de<br \/>\n<strong>Camille Combal<\/strong> \u00e0 la pr\u00e9sentation, mais aussi du<br \/>\njury compos\u00e9 de <strong>Chris Marques, Fauve Hautot, Mel Charlot et<br \/>\nJean-Marc G\u00e9n\u00e9reux<\/strong>.<\/p>\n<p>L\u2019\u00e9mission phare de TF1 qui rencontre toujours un <strong>grand<br \/>\nsucc\u00e8s<\/strong> reviendra en d\u00e9but d\u2019ann\u00e9e <strong>2026<\/strong> et<br \/>\npromet un cru particuli\u00e8rement <strong>vari\u00e9<\/strong> et<br \/>\n<strong>dynamique<\/strong> avec des candidats issus de mondes tr\u00e8s<br \/>\ndiff\u00e9rents. On a d\u00e9j\u00e0 <strong>h\u00e2te<\/strong> de connaitre les<br \/>\n<strong>prochaines personnalit\u00e9s<\/strong> qui vont fouler le<br \/>\nc\u00e9l\u00e8bre parquet de danse. Mais <strong>pourquoi St\u00e9phane Bern a<br \/>\naccept\u00e9 de rejoindre le casting de DALS ?<\/strong><\/p>\n<p>St\u00e9phane Bern : un candidat plus<br \/>\nexp\u00e9riment\u00e9 qu\u2019il n\u2019y para\u00eet<\/p>\n<p>L\u2019animateur a \u00e9galement explor\u00e9 la <strong>samba<\/strong> lors<br \/>\nd\u2019un tournage \u00e0 <strong>Rio<\/strong> pour Soir de f\u00eate<br \/>\ndiffus\u00e9 sur France 2 en 2017. Et pour la <strong>valse<\/strong>, il<br \/>\npourrait m\u00eame <strong>b\u00e9n\u00e9ficier<\/strong> d\u2019un <strong>avantage de<br \/>\ntaille<\/strong>. Il avait confi\u00e9 en 2006 dans Th\u00e9 ou Caf\u00e9<br \/>\nque sa <strong>m\u00e8re<\/strong> lui avait <strong>appris cette danse<br \/>\n\u00e9tant enfant<\/strong>. En revanche, la <strong>salsa repr\u00e9sentera<br \/>\nun vrai d\u00e9fi.<\/strong> Un style qu\u2019il n\u2019a <strong>encore jamais<br \/>\ntravaill\u00e9.<\/strong><\/p>\n<p>Dans une interview \u00e0 <a href=\"https:\/\/www.closermag.fr\/tv_tele_realite\/apres-avoir-pris-sa-place-isabelle-ithurburu-42-ans-sans-langue-de-bois-sur-nikos-aliagas-3596262\" target=\"_blank\" rel=\"noopener\"><br \/>\nIsabelle Ithurburu dans 50\u2019 Inside<\/a>, St\u00e9phane Bern s\u2019est d\u00e9crit<br \/>\ncomme \u201c<strong>une pile \u00e9lectrique<\/strong>\u201d. Toujours en<br \/>\nqu\u00eate de <strong>nouveaut\u00e9s<\/strong>. \u2018\u2018J\u2019ai toujours envie de<br \/>\nme mettre de <strong>nouveaux d\u00e9fis.<\/strong> C\u2019est une fa\u00e7on de<br \/>\n<strong>rester jeune soi-m\u00eame.<\/strong> De <strong>ne pas voir les<br \/>\nann\u00e9es passer sur vous<\/strong><strong>.<\/strong>\u2019\u2019 a-t-il<br \/>\nconfi\u00e9. Un \u00e9tat d\u2019esprit qui colle parfaitement \u00e0 Danse avec<br \/>\nles stars o\u00f9 il pourrait savourer des danses qui le<br \/>\nmaintiennent dans l\u2019air du temps.<\/p>\n","protected":false},"excerpt":{"rendered":"St\u00e9phane Bern rejoint officiellement le casting de Danse avec les stars saison 15. \u201cMonsieur Patrimoine\u201d a confirm\u00e9 qu\u2019il&hellip;\n","protected":false},"author":2,"featured_media":574005,"comment_status":"","ping_status":"","sticky":false,"template":"","format":"standard","meta":{"footnotes":""},"categories":[2],"tags":[11,8936,21303,194,1011,27,12,25,18875,65861],"class_list":{"0":"post-574004","1":"post","2":"type-post","3":"status-publish","4":"format-standard","5":"has-post-thumbnail","7":"category-actualites","8":"tag-actualites","9":"tag-breaking-news","10":"tag-buzz_nonli","11":"tag-danse-avec-les-stars","12":"tag-fr","13":"tag-france","14":"tag-news","15":"tag-republique-francaise","16":"tag-stephane-bern","17":"tag-trend"},"share_on_mastodon":{"url":"https:\/\/pubeurope.com\/@fr\/115652175423648518","error":""},"_links":{"self":[{"href":"https:\/\/www.europesays.com\/fr\/wp-json\/wp\/v2\/posts\/574004","targetHints":{"allow":["GET"]}}],"collection":[{"href":"https:\/\/www.europesays.com\/fr\/wp-json\/wp\/v2\/posts"}],"about":[{"href":"https:\/\/www.europesays.com\/fr\/wp-json\/wp\/v2\/types\/post"}],"author":[{"embeddable":true,"href":"https:\/\/www.europesays.com\/fr\/wp-json\/wp\/v2\/users\/2"}],"replies":[{"embeddable":true,"href":"https:\/\/www.europesays.com\/fr\/wp-json\/wp\/v2\/comments?post=574004"}],"version-history":[{"count":0,"href":"https:\/\/www.europesays.com\/fr\/wp-json\/wp\/v2\/posts\/574004\/revisions"}],"wp:featuredmedia":[{"embeddable":true,"href":"https:\/\/www.europesays.com\/fr\/wp-json\/wp\/v2\/media\/574005"}],"wp:attachment":[{"href":"https:\/\/www.europesays.com\/fr\/wp-json\/wp\/v2\/media?parent=574004"}],"wp:term":[{"taxonomy":"category","embeddable":true,"href":"https:\/\/www.europesays.com\/fr\/wp-json\/wp\/v2\/categories?post=574004"},{"taxonomy":"post_tag","embeddable":true,"href":"https:\/\/www.europesays.com\/fr\/wp-json\/wp\/v2\/tags?post=574004"}],"curies":[{"name":"wp","href":"https:\/\/api.w.org\/{rel}","templated":true}]}}