{"id":574006,"date":"2025-12-02T21:48:19","date_gmt":"2025-12-02T21:48:19","guid":{"rendered":"https:\/\/www.europesays.com\/fr\/574006\/"},"modified":"2025-12-02T21:48:19","modified_gmt":"2025-12-02T21:48:19","slug":"le-gouvernement-se-defend-de-vouloir-creer-un-label-detat-pour-les-medias","status":"publish","type":"post","link":"https:\/\/www.europesays.com\/fr\/574006\/","title":{"rendered":"Le gouvernement se d\u00e9fend de vouloir cr\u00e9er un \u00ab label d\u2019Etat \u00bb pour les m\u00e9dias"},"content":{"rendered":"<p>AA \/ Nice\/ Fe\u00efza Ben Mohamed<\/p>\n<p>Le gouvernement fran\u00e7ais se d\u00e9fend d\u2019avoir souhait\u00e9 la cr\u00e9ation d\u2019un \u00ab label d\u2019Etat \u00bb pour la presse, selon les d\u00e9clarations de la porte-parole de l\u2019Ex\u00e9cutif Maud Bregeon, qui s\u2019exprimait ce mardi \u00e0 la sortie du conseil des ministres.<\/p>\n<p>Elle assure que le Pr\u00e9sident Emmanuel Macron a rappel\u00e9 qu\u2019il n\u2019a jamais \u00e9t\u00e9 question d\u2019une telle initiative et \u00ab encore moins d\u2019un minist\u00e8re de la V\u00e9rit\u00e9 \u00bb.<\/p>\n<p>Selon Maud Bregeon, le chef de l\u2019Etat \u00ab n&rsquo;a jamais affirm\u00e9 cela et n&rsquo;a jamais tenu ces propos \u00bb.<\/p>\n<p>\u00ab Il y a des initiatives prises par la presse, port\u00e9es notamment dans les \u00c9tats g\u00e9n\u00e9raux de l&rsquo;information \u00bb mais \u00ab non, le gouvernement ne va pas cr\u00e9er tel ou tel label destin\u00e9 \u00e0 la presse \u00bb a-t-il martel\u00e9 alors que les critiques fusent de toutes parts.<\/p>\n<p>Ces d\u00e9clarations interviennent apr\u00e8s qu\u2019Emmanuel Macron a \u00e9voqu\u00e9, fin novembre \u00e0 deux reprises, l\u2019id\u00e9e de cr\u00e9er un label qui permettrait de distinguer les sites et m\u00e9dias qui fournissent des informations s\u00e9rieuses et ceux qui se livrent \u00e0 de la d\u00e9sinformation.<\/p>\n<p>Tr\u00e8s vite, les m\u00e9dias du groupe Bollor\u00e9 puis les partis d\u2019opposition se sont empar\u00e9s du sujet, accusant notamment le Pr\u00e9sident de vouloir cr\u00e9er un \u00ab minist\u00e8re de la V\u00e9rit\u00e9 \u00bb.<\/p>\n<p>En d\u00e9placement dans les Vosges, Emmanuel Macron avait tent\u00e9 de pr\u00e9ciser sa pens\u00e9e en martelant que \u00ab ce n\u2019est pas l&rsquo;\u00c9tat qui doit v\u00e9rifier \u00bb sinon \u00ab \u00e7a devient une dictature\u00a0<\/p>\n<p>Il \u00e9voquait plut\u00f4t l\u2019id\u00e9e d\u2019une intimidatrice qui pourrait \u00eatre d\u00e9velopp\u00e9e par des ONG dont RSF (Reporters sans fronti\u00e8res), de mani\u00e8re totalement ind\u00e9pendante.<\/p>\n<p>Dans une vid\u00e9o diffus\u00e9e sur le r\u00e9seau social am\u00e9ricain X, l\u2019Elys\u00e9e avait r\u00e9agi lundi soir en d\u00e9plorant le fait que \u00ab parler de lutte contre la d\u00e9sinformation suscite de la d\u00e9sinformation \u00bb.<\/p>\n<p>Ce mardi matin, et malgr\u00e9 les explications de la pr\u00e9sidence, le parti LR (Les R\u00e9publicains), men\u00e9 par Bruno Retailleau a lanc\u00e9 une p\u00e9tition accusant le gouvernement de s\u2019en prendre \u00ab \u00e0 la libert\u00e9 d\u2019information et d\u2019expression \u00bb sous couvert de \u00ab lutter contre les fake news \u00bb.<\/p>\n<p>\u00ab Le v\u00e9ritable antidote au poison de la d\u00e9sinformation, c\u2019est la libert\u00e9, qui confronte les points de vue et enrichit le d\u00e9bat \u00bb plaide le texte qui avait d\u00e9j\u00e0 recueilli plus de 10 000 signatures \u00e0 la mi-journ\u00e9e.<\/p>\n<p>                            &#13;<br \/>\n                                <a href=\"https:\/\/www.aa.com.tr\/fr\/p\/abonnement\/1001\" target=\"_blank\" style=\"font-size:12px; color:#444; text-decoration:none;\" rel=\"noopener\">&#13;<br \/>\n                                    Seulement une partie des d\u00e9p\u00eaches, que l&rsquo;Agence Anadolu diffuse \u00e0 ses abonn\u00e9s via le Syst\u00e8me de Diffusion interne (HAS), est diffus\u00e9e sur le site de l&rsquo;AA, de mani\u00e8re r\u00e9sum\u00e9e. <b style=\"color:#1897F7\">Contactez-nous s&rsquo;il vous pla\u00eet pour vous abonner.<\/b>&#13;<br \/>\n                                <\/a>&#13;<\/p>\n","protected":false},"excerpt":{"rendered":"AA \/ Nice\/ Fe\u00efza Ben Mohamed Le gouvernement fran\u00e7ais se d\u00e9fend d\u2019avoir souhait\u00e9 la cr\u00e9ation d\u2019un \u00ab label&hellip;\n","protected":false},"author":2,"featured_media":574007,"comment_status":"","ping_status":"","sticky":false,"template":"","format":"standard","meta":{"footnotes":""},"categories":[4],"tags":[11,1785,1073,1011,27,68826,9555,68827,12,25],"class_list":{"0":"post-574006","1":"post","2":"type-post","3":"status-publish","4":"format-standard","5":"has-post-thumbnail","7":"category-france","8":"tag-actualites","9":"tag-anadolu-ajansi","10":"tag-emmanuel-macron","11":"tag-fr","12":"tag-france","13":"tag-label-detat","14":"tag-mdias","15":"tag-ministre-de-la-vrit","16":"tag-news","17":"tag-republique-francaise"},"share_on_mastodon":{"url":"https:\/\/pubeurope.com\/@fr\/115652178970769150","error":""},"_links":{"self":[{"href":"https:\/\/www.europesays.com\/fr\/wp-json\/wp\/v2\/posts\/574006","targetHints":{"allow":["GET"]}}],"collection":[{"href":"https:\/\/www.europesays.com\/fr\/wp-json\/wp\/v2\/posts"}],"about":[{"href":"https:\/\/www.europesays.com\/fr\/wp-json\/wp\/v2\/types\/post"}],"author":[{"embeddable":true,"href":"https:\/\/www.europesays.com\/fr\/wp-json\/wp\/v2\/users\/2"}],"replies":[{"embeddable":true,"href":"https:\/\/www.europesays.com\/fr\/wp-json\/wp\/v2\/comments?post=574006"}],"version-history":[{"count":0,"href":"https:\/\/www.europesays.com\/fr\/wp-json\/wp\/v2\/posts\/574006\/revisions"}],"wp:featuredmedia":[{"embeddable":true,"href":"https:\/\/www.europesays.com\/fr\/wp-json\/wp\/v2\/media\/574007"}],"wp:attachment":[{"href":"https:\/\/www.europesays.com\/fr\/wp-json\/wp\/v2\/media?parent=574006"}],"wp:term":[{"taxonomy":"category","embeddable":true,"href":"https:\/\/www.europesays.com\/fr\/wp-json\/wp\/v2\/categories?post=574006"},{"taxonomy":"post_tag","embeddable":true,"href":"https:\/\/www.europesays.com\/fr\/wp-json\/wp\/v2\/tags?post=574006"}],"curies":[{"name":"wp","href":"https:\/\/api.w.org\/{rel}","templated":true}]}}