{"id":574016,"date":"2025-12-02T21:56:14","date_gmt":"2025-12-02T21:56:14","guid":{"rendered":"https:\/\/www.europesays.com\/fr\/574016\/"},"modified":"2025-12-02T21:56:14","modified_gmt":"2025-12-02T21:56:14","slug":"team-abadie-magnan-leffectif-2026-actualite","status":"publish","type":"post","link":"https:\/\/www.europesays.com\/fr\/574016\/","title":{"rendered":"Team Abadie-Magnan : L&rsquo;effectif 2026 &#8211; Actualit\u00e9"},"content":{"rendered":"<p style=\"text-align: justify;\">Le\u00a0<strong><a href=\"https:\/\/www.directvelo.com\/equipe\/11178\/team-abadie-magnan\" target=\"_blank\" rel=\"noopener\">Team Abadie-Magnan<\/a><\/strong> est au complet pour 2026, pour sa premi\u00e8re ann\u00e9e d&rsquo;existence sous cette nouvelle forme. Candidate au statut Conti F\u00e9d\u00e9rale, la formation aura onze \u00e9l\u00e9ments dans son \u00e9quipe. Parmi elles, Lise M\u00e9nage qui descend de l&rsquo;\u00e9chelon professionnel.<\/p>\n<p><strong>L&rsquo;effectif 2026 du Team Abadie-Magnan :<\/strong><br \/>Sophie Almeida, 29 ans (Team ELLES-Vertou-Rayo&rsquo;Nantes)<br \/>Julia Aubry, 26 ans (Team Buffaz Gestion de Patrimoine)<br \/>Chlo\u00e9 Charpentier, 32 ans (Team ELLES-Vertou-Rayo&rsquo;Nantes)<br \/>Agua Marina Espinola, 29 ans (Team Farto Kiroot)<br \/>Mathilde Huot, 20 ans (Milton Revolution CC)<br \/>Victoire Joncheray, 31 ans (Chamb\u00e9ry Cyclisme Comp\u00e9tition)<br \/>Jazmine Lavergne, 22 ans (UVCA Troyes)<br \/>Margaux Martinez, 21 ans (Expresso Racing CC Le Boulou)<br \/>Laury Milette, 23 ans (KDM-Pack Cycling Team)<br \/>Lise M\u00e9nage, 21 ans (Cofidis)<br \/>L\u00e9ane Tabu, 19 ans (Team ELLES-Vertou-Rayo&rsquo;Nantes)<\/p>\n","protected":false},"excerpt":{"rendered":"Le\u00a0Team Abadie-Magnan est au complet pour 2026, pour sa premi\u00e8re ann\u00e9e d&rsquo;existence sous cette nouvelle forme. Candidate au&hellip;\n","protected":false},"author":2,"featured_media":574017,"comment_status":"","ping_status":"","sticky":false,"template":"","format":"standard","meta":{"footnotes":""},"categories":[1411],"tags":[834,828,836,829,837,827,83,826,824,823,1154,207,814,817,815,816,822,821,832,211,839,1011,27,820,818,819,835,831,830,833,838,60,212,208,825],"class_list":{"0":"post-574016","1":"post","2":"type-post","3":"status-publish","4":"format-standard","5":"has-post-thumbnail","7":"category-cyclisme","8":"tag-attaque","9":"tag-belgique","10":"tag-braquet","11":"tag-bretagne","12":"tag-chute","13":"tag-competition","14":"tag-coupe-de-france","15":"tag-coureur","16":"tag-course-cyclisme","17":"tag-course-cycliste","18":"tag-cycling","19":"tag-cyclisme","20":"tag-direct","21":"tag-direct-velo","22":"tag-directvelo","23":"tag-directvelo-com","24":"tag-epreuve","25":"tag-epreuve-cycliste","26":"tag-federation-francaise-de-cyclisme","27":"tag-ffc","28":"tag-flandres","29":"tag-fr","30":"tag-france","31":"tag-live","32":"tag-live-course","33":"tag-live-epreuve","34":"tag-peloton","35":"tag-radio-peloton","36":"tag-radio-tour","37":"tag-ravitaillement","38":"tag-relance","39":"tag-sports","40":"tag-uci","41":"tag-velo","42":"tag-velos"},"share_on_mastodon":{"url":"https:\/\/pubeurope.com\/@fr\/115652210578220031","error":""},"_links":{"self":[{"href":"https:\/\/www.europesays.com\/fr\/wp-json\/wp\/v2\/posts\/574016","targetHints":{"allow":["GET"]}}],"collection":[{"href":"https:\/\/www.europesays.com\/fr\/wp-json\/wp\/v2\/posts"}],"about":[{"href":"https:\/\/www.europesays.com\/fr\/wp-json\/wp\/v2\/types\/post"}],"author":[{"embeddable":true,"href":"https:\/\/www.europesays.com\/fr\/wp-json\/wp\/v2\/users\/2"}],"replies":[{"embeddable":true,"href":"https:\/\/www.europesays.com\/fr\/wp-json\/wp\/v2\/comments?post=574016"}],"version-history":[{"count":0,"href":"https:\/\/www.europesays.com\/fr\/wp-json\/wp\/v2\/posts\/574016\/revisions"}],"wp:featuredmedia":[{"embeddable":true,"href":"https:\/\/www.europesays.com\/fr\/wp-json\/wp\/v2\/media\/574017"}],"wp:attachment":[{"href":"https:\/\/www.europesays.com\/fr\/wp-json\/wp\/v2\/media?parent=574016"}],"wp:term":[{"taxonomy":"category","embeddable":true,"href":"https:\/\/www.europesays.com\/fr\/wp-json\/wp\/v2\/categories?post=574016"},{"taxonomy":"post_tag","embeddable":true,"href":"https:\/\/www.europesays.com\/fr\/wp-json\/wp\/v2\/tags?post=574016"}],"curies":[{"name":"wp","href":"https:\/\/api.w.org\/{rel}","templated":true}]}}