{"id":574018,"date":"2025-12-02T21:57:16","date_gmt":"2025-12-02T21:57:16","guid":{"rendered":"https:\/\/www.europesays.com\/fr\/574018\/"},"modified":"2025-12-02T21:57:16","modified_gmt":"2025-12-02T21:57:16","slug":"deux-clubs-contactes-pour-recuperer-beraldo","status":"publish","type":"post","link":"https:\/\/www.europesays.com\/fr\/574018\/","title":{"rendered":"Deux clubs contact\u00e9s pour r\u00e9cup\u00e9rer Beraldo"},"content":{"rendered":"<p><b>Arriv\u00e9 au Paris Saint-Germain il y a pr\u00e8s de deux ans, Lucas Beraldo n&rsquo;a pas vraiment convaincu. Le d\u00e9fenseur central br\u00e9silien est bloqu\u00e9 dans un statut de rempla\u00e7ant au PSG. Suffisant pour le voir partir ? Deux clubs br\u00e9siliens se sont rapproch\u00e9s de lui.<\/b><\/p>\n<p>Le travail de Luis Campos au <a href=\"https:\/\/www.foot01.com\/paris\" target=\"_self\" rel=\"noopener\">Paris Saint-Germain<\/a> est logiquement lou\u00e9. Le conseiller sportif du club parisien est all\u00e9 chercher des prodiges comme Vitinha, Joao Neves, Bradley Barcola, D\u00e9sir\u00e9 Dou\u00e9 ou encore Khvicha Kvaratskhelia. Le bilan du dirigeant portugais est presque parfait. Seule ombre au tableau, ses transferts au Br\u00e9sil en janvier 2024. Le PSG avait achet\u00e9 le d\u00e9fenseur central Lucas Beraldo et le milieu de terrain Gabriel Moscardo. Aucun des deux n&rsquo;a r\u00e9ussi \u00e0 faire son trou \u00e0 Paris.Beraldo bient\u00f4t de retour au Br\u00e9sil ?<\/p>\n<p>Pas au niveau requis, Moscardo a \u00e9t\u00e9 rapidement exfiltr\u00e9 du c\u00f4t\u00e9 de Reims puis de Braga cette saison. Beraldo est lui rest\u00e9 dans la capitale fran\u00e7aise mais il suscite autant d&rsquo;interrogations que son comp\u00e8re br\u00e9silien. Rempla\u00e7ant au PSG, le d\u00e9fenseur central appara\u00eet f\u00e9brile lors de ses apparitions en Ligue 1 comme en Ligue des champions. Les dirigeants parisiens se posent la question de son transfert, notamment en pr\u00eat. Une id\u00e9e qui se renforce encore gr\u00e2ce aux cadors br\u00e9siliens.<\/p>\n<p>Selon la cha\u00eene Youtube TV Espirito de Porco, des interm\u00e9diaires proches de Beraldo ont propos\u00e9 le d\u00e9fenseur \u00e0 Flamengo et \u00e0 Palmeiras. Adversaires en finale de la Copa Libertadores samedi soir, les deux formations luttent pour le titre de champion du Br\u00e9sil \u00e0 deux journ\u00e9es de la fin. Un sprint final qui pousse Flamengo et Palmeiras \u00e0 attendre avant de faire une offre s\u00e9rieuse pour Beraldo. Les grandes man\u0153uvres dans ce dossier d\u00e9buteront pour le mois de janvier.<\/p>\n<p>En qu\u00eate de temps de jeu \u00e0 Paris, le d\u00e9fenseur central pourrait se laisser tenter par ces pistes. Flamengo notamment s&rsquo;est fait une sp\u00e9cialit\u00e9 de rapatrier des joueurs en perte de vitesse en Europe comme Jorginho, Danilo ou encore Samuel Lino.<\/p>\n<p><img decoding=\"async\" src=\"https:\/\/www.europesays.com\/fr\/wp-content\/uploads\/2025\/12\/37562940.png\" alt=\"L. Lopes Beraldo\" class=\"w-16 h-16 object-cover rounded-full\"\/><\/p>\n<p>L. Lopes Beraldo<\/p>\n<p><img decoding=\"async\" src=\"https:\/\/www.europesays.com\/fr\/wp-content\/uploads\/2025\/09\/br.png\" alt=\"Brazil\" class=\"w-6 h-4 object-cover\"\/>Br\u00e9sil \u2022 \u00c2ge 22 \u2022 D\u00e9fenseur<\/p>\n","protected":false},"excerpt":{"rendered":"Arriv\u00e9 au Paris Saint-Germain il y a pr\u00e8s de deux ans, Lucas Beraldo n&rsquo;a pas vraiment convaincu. Le&hellip;\n","protected":false},"author":2,"featured_media":574019,"comment_status":"","ping_status":"","sticky":false,"template":"","format":"standard","meta":{"footnotes":""},"categories":[1410],"tags":[63,1011,27,1434,93,60],"class_list":{"0":"post-574018","1":"post","2":"type-post","3":"status-publish","4":"format-standard","5":"has-post-thumbnail","7":"category-football","8":"tag-football","9":"tag-fr","10":"tag-france","11":"tag-mercato","12":"tag-psg","13":"tag-sports"},"share_on_mastodon":{"url":"https:\/\/pubeurope.com\/@fr\/115652216302213763","error":""},"_links":{"self":[{"href":"https:\/\/www.europesays.com\/fr\/wp-json\/wp\/v2\/posts\/574018","targetHints":{"allow":["GET"]}}],"collection":[{"href":"https:\/\/www.europesays.com\/fr\/wp-json\/wp\/v2\/posts"}],"about":[{"href":"https:\/\/www.europesays.com\/fr\/wp-json\/wp\/v2\/types\/post"}],"author":[{"embeddable":true,"href":"https:\/\/www.europesays.com\/fr\/wp-json\/wp\/v2\/users\/2"}],"replies":[{"embeddable":true,"href":"https:\/\/www.europesays.com\/fr\/wp-json\/wp\/v2\/comments?post=574018"}],"version-history":[{"count":0,"href":"https:\/\/www.europesays.com\/fr\/wp-json\/wp\/v2\/posts\/574018\/revisions"}],"wp:featuredmedia":[{"embeddable":true,"href":"https:\/\/www.europesays.com\/fr\/wp-json\/wp\/v2\/media\/574019"}],"wp:attachment":[{"href":"https:\/\/www.europesays.com\/fr\/wp-json\/wp\/v2\/media?parent=574018"}],"wp:term":[{"taxonomy":"category","embeddable":true,"href":"https:\/\/www.europesays.com\/fr\/wp-json\/wp\/v2\/categories?post=574018"},{"taxonomy":"post_tag","embeddable":true,"href":"https:\/\/www.europesays.com\/fr\/wp-json\/wp\/v2\/tags?post=574018"}],"curies":[{"name":"wp","href":"https:\/\/api.w.org\/{rel}","templated":true}]}}