{"id":574020,"date":"2025-12-02T21:58:17","date_gmt":"2025-12-02T21:58:17","guid":{"rendered":"https:\/\/www.europesays.com\/fr\/574020\/"},"modified":"2025-12-02T21:58:17","modified_gmt":"2025-12-02T21:58:17","slug":"cette-maison-de-bord-de-mer-quil-adore-dans-ce-coin-paisible-de-la-bretagne-avec-son-celebre-voisin","status":"publish","type":"post","link":"https:\/\/www.europesays.com\/fr\/574020\/","title":{"rendered":"cette maison de bord de mer qu&rsquo;il adore dans ce coin paisible de la Bretagne avec son c\u00e9l\u00e8bre voisin"},"content":{"rendered":"<p>Mercredi 18 d\u00e9cembre 2025, Laurent Voulzy f\u00eatera ses 77 ans, et<br \/>\npeut-\u00eatre en chanson. Si aujourd\u2019hui le <strong>chanteur au c\u0153ur<br \/>\ngrenadine<\/strong> se fait plus discret sur la sc\u00e8ne artistique, il<br \/>\ncontinue de faire r\u00e9sonner ceux des Fran\u00e7ais et d\u2019inspirer la jeune<br \/>\ng\u00e9n\u00e9ration. S\u2019il est n\u00e9 juste avant le d\u00e9but de l\u2019hiver, le plus<br \/>\nflower power des stars de la vari\u00e9t\u00e9 fran\u00e7aise incarne LE chanteur<br \/>\nde tubes de l\u2019\u00e9t\u00e9. Toutefois, lui est de ceux qui restent dans le<br \/>\npaysage des d\u00e9cennies enti\u00e8res.<\/p>\n<p>Quelle invitation au voyage qu\u2019une playlist Laurent Voulzy !<br \/>\nPo\u00e9sie, rythme de chant lent, histoires d\u2019amour\u2026 La carte postale<br \/>\nchant\u00e9e nous transporte sans forc\u00e9ment nous emmener bien loin. En<br \/>\n1986, <strong>Laurent Voulzy signe<br \/>\nBelle-\u00cele-en-Mer<\/strong>, une ballade m\u00e9lancolique qui va<br \/>\nd\u2019\u00eele en \u00eele, <a href=\"https:\/\/www.mariefrance.fr\/evasion\/maintenant-ou-jamais\/la-bretagne-ca-nous-gagne-60422.html\" target=\"_blank\" rel=\"noopener\"><br \/>\nde Belle-\u00cele-en-Mer<\/a>, dans le sud de la Bretagne, \u00e0<br \/>\nMarie-Galante, en Guadeloupe.<\/p>\n<p>Laurent Voulzy de Belle-\u00cele-en-Mer \u00e0 Marie-Galante<\/p>\n<p>Cet <strong>air si doux<\/strong>, Laurent Voulzy l\u2019a d\u2019abord<br \/>\nfredonn\u00e9 \u00e0 son complice de toujours, <a href=\"https:\/\/www.mariefrance.fr\/news-people\/laurent-voulzy-voisin-alain-souchon-spectaculaire-batisse-bretagne-jardin-luxuriant-957968.html\" target=\"_blank\" rel=\"noopener\"><br \/>\nAlain Souchon<\/a>. \u00ab\u00a0Je commence \u00e0 chanter, il [Alain Souchon]<br \/>\ndit \u2018Belle-\u00cele-en-Mer\u2019, et comme il \u00e9crit le nom d\u2019une \u00eele,<br \/>\naussit\u00f4t, je dis \u2018Marie-Galante\u2019. Et tout de suite, la chanson<br \/>\nd\u00e9marre. \u00c7a, c\u2019est la baguette magique d\u2019Alain [Souchon]. Si<br \/>\nj\u2019avais dit quelque chose comme \u2018On part l\u00e0-bas\u2019, cela aurait \u00e9t\u00e9<br \/>\nune autre chanson. Il savait que j\u2019allais \u00e0 Belle-\u00cele-en-Mer quand<br \/>\nj\u2019\u00e9tais petit, j\u2019avais 10-11 ans\u00a0\u00bb, explique Laurent Voulzy<br \/>\ndans un \u00e9pisode du podcast <strong>La ballade de Souchon et<br \/>\nVoulzy<\/strong> de Laurent Petitguillaume sur France Bleu.<\/p>\n<p>Des attaches, le chanteur d\u2019origine guadeloup\u00e9enne en a autant<br \/>\ndans les Cara\u00efbes que sur la c\u00f4te bretonne, une r\u00e9gion pris\u00e9e par<br \/>\nde nombreuses stars, comme <a href=\"https:\/\/www.mariefrance.fr\/actualite\/article-17-837120.html\" target=\"_blank\" rel=\"noopener\">Karine<br \/>\nFerri<\/a>, Nicolas Hulot ou encore Anne-Claire Coudray. Selon nos<br \/>\nconfr\u00e8res du Figaro, \u00ab\u00a0\u00e0 l\u2019\u00e9poque, sa m\u00e8re y louait un<br \/>\nminuscule appartement et, le dernier jour des vacances,<br \/>\nrituellement, on embarquait pour passer la journ\u00e9e \u00e0<br \/>\nBelle-\u00cele\u00a0\u00bb. <strong>C\u2019est \u00e0 Saint-Pierre-Quiberon<\/strong>, en<br \/>\nface de son \u00eele divinement chant\u00e9e, \u00e0 quelques kilom\u00e8tres de la<br \/>\nTrinit\u00e9-sur-mer ou son grand ami Alain Souchon poss\u00e8de un<br \/>\npied-\u00e0-terre, qu\u2019il a choisi d\u2019investir dans la pierre.<\/p>\n<blockquote class=\"instagram-media\" style=\"background: #ffffff;border: 0;margin: 1px;width: 100%;padding: 0;max-width: 500px;\" data-instgrm-permalink=\"https:\/\/www.instagram.com\/p\/CxJJv6WIrmK\/\" data-instgrm-version=\"14\"\/><p>\nLe refuge breton de Laurent Voulzy<\/p>\n<p>La Bretagne et son air si vivifiant ont toujours inspir\u00e9<br \/>\nl\u2019interpr\u00e8te de Rockollection.\u00a0Dans cette<br \/>\n<strong>grande b\u00e2tisse<\/strong>, le mari de Mirella Lepetit a tout<br \/>\nmis en \u0153uvre pour recr\u00e9er l\u2019atmosph\u00e8re de la maison de vacances de<br \/>\nson enfance.<\/p>\n<p>Cette demeure \u00ab\u00a0arbore des fen\u00eatres arrondies, des parements<br \/>\nde granit, une pelouse bord\u00e9e d\u2019hortensias, des recoins et des<br \/>\nescaliers qui craquent\u00a0\u00bb, d\u2019apr\u00e8s Le journal de la<br \/>\nMaison. Le <strong>d\u00e9cor est authentique<\/strong> et la vie<br \/>\ns\u2019y \u00e9coule (tr\u00e8s) paisiblement.<\/p>\n<p><img loading=\"lazy\" decoding=\"async\" aria-describedby=\"caption-attachment-1110402\" itemprop=\"thumbnailUrl\" class=\"size-medium wp-image-1110402 img-responsive\" src=\"https:\/\/www.europesays.com\/fr\/wp-content\/uploads\/2025\/12\/1-186-680x383.jpg\" alt=\"Saint-Pierre-Quiberon\" width=\"680\" height=\"383\"\/><br \/>\n\u00a9<br \/>\nShutterstock<\/p>\n<p id=\"caption-attachment-1110402\" class=\"wp-caption-text\">\nSaint-Pierre-Quiberon<\/p>\n<p>Le quotidien paisible de Laurent<br \/>\nVoulzy<\/p>\n<p>Lorsqu\u2019il est en Bretagne, le p\u00e8re de quatre enfants a<br \/>\n<strong>ses petites habitudes<\/strong>. Parmi elles, il y a celle<br \/>\nde se lever t\u00f4t le matin pour admirer les levers de soleil sur la<br \/>\nbaie de Quiberon. Laurent Voulzy se rend \u00e9galement tr\u00e8s<br \/>\nr\u00e9guli\u00e8rement chez Alain J\u00e9hannet, son brocanteur pr\u00e9f\u00e9r\u00e9. C&rsquo;est l\u00e0<br \/>\nqu&rsquo;il a d\u00e9nich\u00e9 les meilleurs meubles et objets qui embellissent sa<br \/>\ndemeure.<\/p>\n<blockquote class=\"instagram-media\" style=\"background: #ffffff;border: 0;margin: 1px;width: 100%;padding: 0;max-width: 500px;\" data-instgrm-permalink=\"https:\/\/www.instagram.com\/p\/C6EtulUr6ca\/\" data-instgrm-version=\"14\"\/>\n<p>\u00ab\u00a0J\u2019y vais pour trouver une table basse, je ressors avec un<br \/>\nfauteuil, une carte marine ou un illustr\u00e9 comme Blek le Roc ou C\u0153ur<br \/>\nVaillant\u2026\u00a0\u00bb, a-t-il pu confier dans les colonnes du Figaro.<br \/>\nAttendons maintenant <strong>le titre hommage<\/strong> \u00e0 cette<br \/>\nqui\u00e9tude savour\u00e9e dans sa Bretagne sud.<\/p>\n<p><script async src=\"\/\/www.instagram.com\/embed.js\"><\/script><\/p>\n","protected":false},"excerpt":{"rendered":"Mercredi 18 d\u00e9cembre 2025, Laurent Voulzy f\u00eatera ses 77 ans, et peut-\u00eatre en chanson. Si aujourd\u2019hui le chanteur&hellip;\n","protected":false},"author":2,"featured_media":574021,"comment_status":"","ping_status":"","sticky":false,"template":"","format":"standard","meta":{"footnotes":""},"categories":[1359],"tags":[58,59,1011,27,973,6055],"class_list":{"0":"post-574020","1":"post","2":"type-post","3":"status-publish","4":"format-standard","5":"has-post-thumbnail","7":"category-people","8":"tag-divertissement","9":"tag-entertainment","10":"tag-fr","11":"tag-france","12":"tag-people","13":"tag-republishing"},"share_on_mastodon":{"url":"https:\/\/pubeurope.com\/@fr\/115652219214015331","error":""},"_links":{"self":[{"href":"https:\/\/www.europesays.com\/fr\/wp-json\/wp\/v2\/posts\/574020","targetHints":{"allow":["GET"]}}],"collection":[{"href":"https:\/\/www.europesays.com\/fr\/wp-json\/wp\/v2\/posts"}],"about":[{"href":"https:\/\/www.europesays.com\/fr\/wp-json\/wp\/v2\/types\/post"}],"author":[{"embeddable":true,"href":"https:\/\/www.europesays.com\/fr\/wp-json\/wp\/v2\/users\/2"}],"replies":[{"embeddable":true,"href":"https:\/\/www.europesays.com\/fr\/wp-json\/wp\/v2\/comments?post=574020"}],"version-history":[{"count":0,"href":"https:\/\/www.europesays.com\/fr\/wp-json\/wp\/v2\/posts\/574020\/revisions"}],"wp:featuredmedia":[{"embeddable":true,"href":"https:\/\/www.europesays.com\/fr\/wp-json\/wp\/v2\/media\/574021"}],"wp:attachment":[{"href":"https:\/\/www.europesays.com\/fr\/wp-json\/wp\/v2\/media?parent=574020"}],"wp:term":[{"taxonomy":"category","embeddable":true,"href":"https:\/\/www.europesays.com\/fr\/wp-json\/wp\/v2\/categories?post=574020"},{"taxonomy":"post_tag","embeddable":true,"href":"https:\/\/www.europesays.com\/fr\/wp-json\/wp\/v2\/tags?post=574020"}],"curies":[{"name":"wp","href":"https:\/\/api.w.org\/{rel}","templated":true}]}}