{"id":574025,"date":"2025-12-02T22:03:14","date_gmt":"2025-12-02T22:03:14","guid":{"rendered":"https:\/\/www.europesays.com\/fr\/574025\/"},"modified":"2025-12-02T22:03:14","modified_gmt":"2025-12-02T22:03:14","slug":"sabrina-carpenter-juge-repugnante-lutilisation-de-sa-musique-par-la-maison-blanche","status":"publish","type":"post","link":"https:\/\/www.europesays.com\/fr\/574025\/","title":{"rendered":"Sabrina Carpenter juge \u00ab\u00a0r\u00e9pugnante\u00a0\u00bb l&rsquo;utilisation de sa musique par la Maison Blanche"},"content":{"rendered":"<p class=\"mb-4 text-lg md:leading-8 break-words\">La chanteuse Sabrina Carpenter a jug\u00e9 mardi \u00ab\u00a0malveillante et r\u00e9pugnante\u00a0\u00bb l&rsquo;utilisation de l&rsquo;un de ses titres dans une vid\u00e9o diffus\u00e9e sur X par la Maison Blanche, montrant des arrestations par la police de l&rsquo;immigration.<\/p>\n<p class=\"mb-4 text-lg md:leading-8 break-words\">\u00ab\u00a0Ne m\u2019associez jamais, moi ou ma musique, \u00e0 votre programme politique inhumain\u00a0\u00bb, a ajout\u00e9 la chanteuse, en r\u00e9ponse \u00e0 la publication de la pr\u00e9sidence am\u00e9ricaine.<\/p>\n<p class=\"mb-4 text-lg md:leading-8 break-words\">Dans la courte vid\u00e9o publi\u00e9e par la Maison Blanche, on peut voir des personnes protestant contre la police de l&rsquo;immigration, puis des agents f\u00e9d\u00e9raux proc\u00e9dant \u00e0 des arrestations, avec en fond sonore le morceau \u00ab\u00a0Juno\u00a0\u00bb, sorti en 2024.<\/p>\n<p class=\"mb-4 text-lg md:leading-8 break-words\">Une porte-parole de la Maison Blanche, Abigail Jackson, a r\u00e9agi \u00e0 la publication de Sabrina Carpenter en d\u00e9clarant: \u00ab\u00a0Nous ne nous excuserons pas d&rsquo;expulser de notre pays des meurtriers, violeurs et p\u00e9dophiles, criminels dangereux entr\u00e9s ill\u00e9galement\u00a0\u00bb, jugeant \u00ab\u00a0stupide\u00a0\u00bb toute personne s&rsquo;opposant \u00e0 cette politique.<\/p>\n<p class=\"mb-4 text-lg md:leading-8 break-words\">Sabrina Carpenter n&rsquo;est pas la premi\u00e8re artiste \u00e0 protester contre l&rsquo;utilisation de sa musique par Donald Trump et ses \u00e9quipes.<\/p>\n<p class=\"mb-4 text-lg md:leading-8 break-words\">Le chanteur Kenny Loggins a r\u00e9cemment exig\u00e9 le retrait d\u2019une vid\u00e9o publi\u00e9e par le pr\u00e9sident qui utilisait son hit \u00ab\u00a0Danger Zone\u00a0\u00bb, issu du film \u00ab\u00a0Top Gun\u00a0\u00bb, pour accompagner des images g\u00e9n\u00e9r\u00e9es par intelligence artificielle (IA) le montrant en pilote de chasse, larguant des excr\u00e9ments sur des opposants politiques.<\/p>\n<p class=\"mb-4 text-lg md:leading-8 break-words\">En 2024, C\u00e9line Dion avait condamn\u00e9 l\u2019usage non autoris\u00e9 de l&rsquo;un de ses titres, \u00ab\u00a0My Heart Will Go On\u00a0\u00bb, dans un clip de campagne. M\u00eame chose pour Beyonc\u00e9, la m\u00eame ann\u00e9e, avec son morceau \u00ab\u00a0Freedom\u00a0\u00bb.<\/p>\n<p class=\"mb-4 text-lg md:leading-8 break-words\">rh\/eml<\/p>\n","protected":false},"excerpt":{"rendered":"La chanteuse Sabrina Carpenter a jug\u00e9 mardi \u00ab\u00a0malveillante et r\u00e9pugnante\u00a0\u00bb l&rsquo;utilisation de l&rsquo;un de ses titres dans une&hellip;\n","protected":false},"author":2,"featured_media":574026,"comment_status":"","ping_status":"","sticky":false,"template":"","format":"standard","meta":{"footnotes":""},"categories":[1355],"tags":[68829,58,68828,59,1011,27,9005,78,44078,1361,873,415,68830,31477],"class_list":{"0":"post-574025","1":"post","2":"type-post","3":"status-publish","4":"format-standard","5":"has-post-thumbnail","7":"category-musique","8":"tag-abigail-jackson","9":"tag-divertissement","10":"tag-elmont","11":"tag-entertainment","12":"tag-fr","13":"tag-france","14":"tag-la-chanteuse","15":"tag-maison-blanche","16":"tag-mtv-video-music-awards","17":"tag-music","18":"tag-musique","19":"tag-new-york","20":"tag-programme-politique","21":"tag-sabrina-carpenter"},"share_on_mastodon":{"url":"https:\/\/pubeurope.com\/@fr\/115652238110495825","error":""},"_links":{"self":[{"href":"https:\/\/www.europesays.com\/fr\/wp-json\/wp\/v2\/posts\/574025","targetHints":{"allow":["GET"]}}],"collection":[{"href":"https:\/\/www.europesays.com\/fr\/wp-json\/wp\/v2\/posts"}],"about":[{"href":"https:\/\/www.europesays.com\/fr\/wp-json\/wp\/v2\/types\/post"}],"author":[{"embeddable":true,"href":"https:\/\/www.europesays.com\/fr\/wp-json\/wp\/v2\/users\/2"}],"replies":[{"embeddable":true,"href":"https:\/\/www.europesays.com\/fr\/wp-json\/wp\/v2\/comments?post=574025"}],"version-history":[{"count":0,"href":"https:\/\/www.europesays.com\/fr\/wp-json\/wp\/v2\/posts\/574025\/revisions"}],"wp:featuredmedia":[{"embeddable":true,"href":"https:\/\/www.europesays.com\/fr\/wp-json\/wp\/v2\/media\/574026"}],"wp:attachment":[{"href":"https:\/\/www.europesays.com\/fr\/wp-json\/wp\/v2\/media?parent=574025"}],"wp:term":[{"taxonomy":"category","embeddable":true,"href":"https:\/\/www.europesays.com\/fr\/wp-json\/wp\/v2\/categories?post=574025"},{"taxonomy":"post_tag","embeddable":true,"href":"https:\/\/www.europesays.com\/fr\/wp-json\/wp\/v2\/tags?post=574025"}],"curies":[{"name":"wp","href":"https:\/\/api.w.org\/{rel}","templated":true}]}}