{"id":574027,"date":"2025-12-02T22:04:25","date_gmt":"2025-12-02T22:04:25","guid":{"rendered":"https:\/\/www.europesays.com\/fr\/574027\/"},"modified":"2025-12-02T22:04:25","modified_gmt":"2025-12-02T22:04:25","slug":"quel-niveau-de-technologie-faudrait-il-atteindre-pour-creer-un-corps-hybride","status":"publish","type":"post","link":"https:\/\/www.europesays.com\/fr\/574027\/","title":{"rendered":"quel niveau de technologie faudrait-il atteindre pour cr\u00e9er un corps hybride ?"},"content":{"rendered":"<p>Lorsque le premier Avatar d\u00e9barqua au cin\u00e9ma en 2009, <strong>l\u2019univers visuel imagin\u00e9 par Cameron fut une v\u00e9ritable claque esth\u00e9tique<\/strong>. La luxuriante Pandora, ses for\u00eats bioluminescentes peupl\u00e9es de b\u00eates au chara design l\u00e9ch\u00e9, l\u2019Arbre-Maison des Omaticaya, les Montagnes Hallelujah flottantes dans les airs, l\u2019\u00e9l\u00e9gance extr\u00eame des Na\u2019vi et leur peau bleut\u00e9e\u2026 Une v\u00e9ritable r\u00e9volution visuelle qui a r\u00e9ussi \u00e0 d\u00e9crocher la r\u00e9tine de tout le monde, tout en cachant suffisamment bien le sc\u00e9nario, finalement assez peu inspir\u00e9, puisque nous nous retrouvions finalement devant un remix moderne, dans les grandes lignes, de Pocahontas.<\/p>\n<p>Le troisi\u00e8me volet (<a href=\"https:\/\/www.journaldugeek.com\/2025\/11\/12\/avatar-3-on-connait-sa-duree-et-cest-beaucoup-trop-long\/\" target=\"_blank\" rel=\"noopener\">Avatar\u00a0: de feu et de cendres<\/a>) arrivant dans une quinzaine de jours dans les salles obscures fran\u00e7aises, l\u2019occasion \u00e9tait trop belle pour que nous la laissions passer. Nous nous sommes demand\u00e9 s\u2019il \u00e9tait r\u00e9ellement possible que l\u2019humanit\u00e9 parvienne un jour \u00e0 ce qu\u2019un humain <strong>parvienne \u00e0 diriger un corps \u00ab\u00a0recombin\u00e9\u00a0\u00bb m\u00ealant ADN terrien et ADN Na\u2019vi<\/strong>. Un questionnement impossible \u00e0 r\u00e9soudre par un simple \u00ab\u00a0oui\u00a0\u00bb ou \u00ab\u00a0non\u00a0\u00bb, et l\u2019exercice fut finalement assez stimulant, intellectuellement parlant, \u00e0 r\u00e9aliser.<\/p>\n<p>    <a href=\"https:\/\/www.youtube.com\/user\/JournalduGeek?sub_confirmation=1\" target=\"_blank\" rel=\"nofollow noopener\"><br \/>\n        S&rsquo;abonner \u00e0 Journal du Geek<br \/>\n    <\/a> Un corps hybride peut exister, mais pas \u00e0 la mani\u00e8re de Cameron <\/p>\n<p>Commen\u00e7ons par remettre les pendules \u00e0 l\u2019heure\u00a0: en biologie, un \u00ab\u00a0hybride\u00a0\u00bb n\u2019existe que lorsque deux esp\u00e8ces tr\u00e8s proches g\u00e9n\u00e9tiquement <strong>peuvent encore se reproduire entre elles<\/strong> (un Lion et un Tigre, par exemple, qui peuvent donner naissance \u00e0 un \u00ab\u00a0Ligre\u00a0\u00bb, voir ci-dessous).<\/p>\n<p> <img loading=\"lazy\" decoding=\"async\" class=\"size-full wp-image-50589695\" src=\"https:\/\/www.europesays.com\/fr\/wp-content\/uploads\/2025\/12\/Ligre.jpg\" alt=\"Ligre\" width=\"800\" height=\"640\"  \/>Le Ligre est officiellement reconnu comme le plus grand f\u00e9lin du monde (400 kg), n\u00e9 du croisement entre un Lion m\u00e2le (Panthera leo) et une Tigresse femelle (Panthera tigris). \u00a9 The cloudless sky \/ Wikip\u00e9dia <\/p>\n<p>Les \u00eatre humains et les Na\u2019vi, eux, ne sont m\u00eame pas originaires de la m\u00eame plan\u00e8te dans l\u2019univers imagin\u00e9 par Cameron. L\u2019hybridation fa\u00e7on Avatar n\u00e9cessiterait de fusionner deux syst\u00e8mes vivants s\u00e9par\u00e9s par des millions d\u2019ann\u00e9es d\u2019\u00e9volution\u2026 sur deux mondes diff\u00e9rents. Aucune technologie actuelle ou envisag\u00e9e \u00e0 l\u2019avenir ne permettrait de faire en sorte que <strong>ces deux \u00eatres soient compatibles sur le plan g\u00e9n\u00e9tique<\/strong>.<\/p>\n<p>Admettons un instant cette possibilit\u00e9 : il faudrait d\u00e9j\u00e0 s\u00e9quencer un g\u00e9nome entier d\u2019une <a href=\"https:\/\/www.journaldugeek.com\/2025\/10\/02\/vie-extraterrestre-de-nouvelles-signatures-chimiques-decouvertes-sur-encelade\/\" target=\"_blank\" rel=\"noopener\">esp\u00e8ce extraterrestre<\/a>, alors que nous n\u2019avons m\u00eame pas s\u00e9quenc\u00e9 tout ce qui vit sur Terre. Comprendre un g\u00e9nome d\u2019un organisme venu d\u2019ailleurs et le cartographier, revient \u00e0 <strong>essayer de lire un livre dans un langage\u2026 qui n\u2019existe pas<\/strong>.<\/p>\n<p>Ensuite, il faudrait fusionner deux g\u00e9nomes incompatibles pour que la cr\u00e9ature soit fonctionnel. M\u00eame avec l\u2019un des outils de <a href=\"https:\/\/www.journaldugeek.com\/2024\/04\/27\/opencrispr-1-quand-lia-sattaque-a-lingenierie-genetique\/\" target=\"_blank\" rel=\"noopener\">g\u00e9nie g\u00e9n\u00e9tique<\/a> les plus avanc\u00e9s qui soit, le CRISPR (Clustered Regularly Interspaced Short Palindromic Repeats), ce serait tout simplement impossible. Il serait question ici d\u2019assembler des milliers de g\u00e8nes qui n\u2019ont rien de commun, que ce soit les prot\u00e9ines ou les structures cellulaires.<\/p>\n<p>Imaginer fusionner un humain et un alien revient \u00e0 confondre la biologie avec un mod\u00e8le Lego\u00a0: les deux poss\u00e8dent des briques (r\u00e9cepteurs, enzymes, codons, membranes pour l\u2019organisme vivant), mais dans la nature, <strong>deux briques qui ne partagent pas le m\u00eame code biologique ne peuvent s\u2019embo\u00eeter<\/strong>.<\/p>\n<p>Un corps 50\u00a0% humain et 50\u00a0% \u00ab\u00a0autre chose\u00a0\u00bb <strong>n\u2019a, donc biologiquement, aucune chance d\u2019\u00eatre viable<\/strong>. C\u2019est une r\u00e8gle d\u2019or de la g\u00e9n\u00e9tique qui, pour l\u2019instant, n\u2019est pas pr\u00e8s d\u2019\u00eatre transgress\u00e9e.<\/p>\n<p> L\u2019interface homme-machine\u00a0: la technologie qui existe d\u00e9j\u00e0 <\/p>\n<p>Il y a tout de m\u00eame un aspect o\u00f9 Cameron a frapp\u00e9 dans le mille avec sa saga, bien avant que ces technos soient m\u00e9diatis\u00e9es\u00a0: <strong>la connexion entre l\u2019humain et son avatar Na\u2019vi gr\u00e2ce \u00e0 une interface neuronale<\/strong>. Aujourd\u2019hui, Neuralink, Blackrock Neurotech ou Synchron ont d\u00e9montr\u00e9 qu\u2019il \u00e9tait possible de faire interagir un organisme humain avec un dispositif, uniquement par la pens\u00e9e, gr\u00e2ce \u00e0 des BCI (Brain Computer Interface).<\/p>\n<p>Neuralink fut la premi\u00e8re \u00e0 <a href=\"https:\/\/www.journaldugeek.com\/2024\/03\/27\/le-premier-patient-neuralink-joue-a-mario-kart-par-la-pensee\/\" target=\"_blank\" rel=\"noopener\">m\u00e9diatiser le cas de son premier patient implant\u00e9<\/a>, et quelques mois plus tard, de <a href=\"https:\/\/www.journaldugeek.com\/2024\/08\/06\/neuralink-un-deuxieme-patient-opere-huit-de-plus-avant-la-fin-de-lannee\/\" target=\"_blank\" rel=\"noopener\">son deuxi\u00e8me<\/a>. M\u00eame si elle n\u2019est pas la premi\u00e8re entreprise \u00e0 avoir travaill\u00e9 sur les BCI, Neuralink dispose d\u2019une image tr\u00e8s forte aupr\u00e8s du public, qui a permis de <strong>mettre en lumi\u00e8re cette technologie de pointe<\/strong>, dont les premi\u00e8res racines remontent aux ann\u00e9es 1960. D\u2019autres acteurs ont \u00e9galement un pied dans le secteur, comme Paradromics, m\u00eame s\u2019ils se font plus discrets car <a href=\"https:\/\/www.journaldugeek.com\/2025\/11\/24\/connexus-limplant-neuronal-redonne-voix-personnes-paralysees-lia\/\" target=\"_blank\" rel=\"noopener\">ils ne poursuivent pas les m\u00eames objectifs<\/a>.<\/p>\n<p>Bien s\u00fbr, aucune de ces interfaces ne permettrait de diriger un avatar \u00e0 distance pour une simple et bonne raison\u00a0: <strong>leur bande passante est encore largement limit\u00e9e<\/strong>. Pour que cela fonctionne r\u00e9ellement, il leur faudrait un maillage neuronal des milliers de fois plus denses, et un r\u00e9seau capable de suivre en continu le chaos \u00e9lectrique du cortex c\u00e9r\u00e9bral et d\u2019en extraire des instructions exploitables, sans latence perceptible.<\/p>\n<p>Il faudrait donc d\u00e9velopper, en parall\u00e8le, un mod\u00e8le d\u2019IA int\u00e9gr\u00e9e \u00e0 la BCI suffisamment puissant pour d\u00e9coder les milliards de signaux g\u00e9n\u00e9r\u00e9s par <a href=\"https:\/\/www.journaldugeek.com\/2025\/11\/28\/neurosciences-quatre-ages-cerveau-reorganise\/\" target=\"_blank\" rel=\"noopener\">le cerveau humain<\/a> chaque seconde. Un flux de donn\u00e9es tellement d\u00e9mesur\u00e9 qu\u2019il ferait saturer n\u2019importe quel supercalculateur, m\u00eame les plus puissants au monde, <strong>qui ne sont pas con\u00e7us pour un tel usage en temps r\u00e9el<\/strong>.<\/p>\n<p>Vous avez donc la r\u00e9ponse \u00e0 la question\u00a0: cr\u00e9er un corps hybride fa\u00e7on Na\u2019vi <strong>restera \u00e0 jamais hors de notre port\u00e9e<\/strong>, les lois de la biologiques et de la g\u00e9n\u00e9tique nous en emp\u00eachent. En revanche, piloter \u00e0 distance un corps artificiel (ou m\u00eame organique mais int\u00e9gralement d\u00e9velopp\u00e9 en laboratoire) <strong>pourrait \u00eatre envisageable d\u2019ici plusieurs d\u00e9cennies<\/strong> si les progr\u00e8s en IA et dans les BCI continuent \u00e0 ce rythme. Admettons toutefois que <strong>le corps en question risque d\u2019\u00eatre bien moins styl\u00e9 que les sublimes Na\u2019vi<\/strong>, leur peau bleue et leur silhouette \u00e9lanc\u00e9e, et qu\u2019il sera certainement bien moins agile. Si vous voulez <strong>entrer (virtuellement) dans la peau d\u2019un Na\u2019vi<\/strong>, vous pouvez toujours jouer \u00e0 <a href=\"https:\/\/www.journaldugeek.com\/test\/test-avatar-frontiers-of-pandora-ubisoft-prouve-quil-nest-pas-un-bleu\/\" target=\"_blank\" rel=\"noopener\">Avatar Frontiers of Pandora <\/a>; seulement si vous n\u2019\u00eates pas allergique \u00e0 Ubisoft et <strong>ses formules de gameplay recycl\u00e9es<\/strong>, avec une constance qui force presque le respect.<\/p>\n<blockquote>\n<p class=\"text-base text-neutral-700 dark:text-neutral-300\">\ud83d\udfe3 Pour ne manquer aucune news sur le Journal du Geek, abonnez-vous sur <a href=\"https:\/\/news.google.com\/publications\/CAAqBwgKMNr_hAswwYyCAw?hl=fr&amp;gl=FR&amp;ceid=FR%3Afr\" target=\"_blank\" rel=\"noopener\">Google Actualit\u00e9s<\/a> et sur <a href=\"https:\/\/whatsapp.com\/channel\/0029VaClM5y4tRry12tb7D2h\" target=\"_blank\" rel=\"noopener\">notre WhatsApp<\/a>. Et si vous nous adorez, on a <a href=\"https:\/\/www.journaldugeek.com\/newsletter\/\" target=\"_blank\" rel=\"noopener\">une newsletter tous les matins<\/a>.<\/p>\n<\/blockquote>\n","protected":false},"excerpt":{"rendered":"Lorsque le premier Avatar d\u00e9barqua au cin\u00e9ma en 2009, l\u2019univers visuel imagin\u00e9 par Cameron fut une v\u00e9ritable claque&hellip;\n","protected":false},"author":2,"featured_media":574028,"comment_status":"","ping_status":"","sticky":false,"template":"","format":"standard","meta":{"footnotes":""},"categories":[1354],"tags":[13618,58,59,1346,1011,27,1360,43,2510],"class_list":{"0":"post-574027","1":"post","2":"type-post","3":"status-publish","4":"format-standard","5":"has-post-thumbnail","7":"category-films","8":"tag-avatar","9":"tag-divertissement","10":"tag-entertainment","11":"tag-films","12":"tag-fr","13":"tag-france","14":"tag-movies","15":"tag-science","16":"tag-science-fiction"},"share_on_mastodon":{"url":"https:\/\/pubeurope.com\/@fr\/115652242760125087","error":""},"_links":{"self":[{"href":"https:\/\/www.europesays.com\/fr\/wp-json\/wp\/v2\/posts\/574027","targetHints":{"allow":["GET"]}}],"collection":[{"href":"https:\/\/www.europesays.com\/fr\/wp-json\/wp\/v2\/posts"}],"about":[{"href":"https:\/\/www.europesays.com\/fr\/wp-json\/wp\/v2\/types\/post"}],"author":[{"embeddable":true,"href":"https:\/\/www.europesays.com\/fr\/wp-json\/wp\/v2\/users\/2"}],"replies":[{"embeddable":true,"href":"https:\/\/www.europesays.com\/fr\/wp-json\/wp\/v2\/comments?post=574027"}],"version-history":[{"count":0,"href":"https:\/\/www.europesays.com\/fr\/wp-json\/wp\/v2\/posts\/574027\/revisions"}],"wp:featuredmedia":[{"embeddable":true,"href":"https:\/\/www.europesays.com\/fr\/wp-json\/wp\/v2\/media\/574028"}],"wp:attachment":[{"href":"https:\/\/www.europesays.com\/fr\/wp-json\/wp\/v2\/media?parent=574027"}],"wp:term":[{"taxonomy":"category","embeddable":true,"href":"https:\/\/www.europesays.com\/fr\/wp-json\/wp\/v2\/categories?post=574027"},{"taxonomy":"post_tag","embeddable":true,"href":"https:\/\/www.europesays.com\/fr\/wp-json\/wp\/v2\/tags?post=574027"}],"curies":[{"name":"wp","href":"https:\/\/api.w.org\/{rel}","templated":true}]}}