{"id":574039,"date":"2025-12-02T22:10:15","date_gmt":"2025-12-02T22:10:15","guid":{"rendered":"https:\/\/www.europesays.com\/fr\/574039\/"},"modified":"2025-12-02T22:10:15","modified_gmt":"2025-12-02T22:10:15","slug":"les-etats-unis-ne-font-que-commencer-a-couler-des-bateaux-dans-les-caraibes-previent-le-chef-du-pentagone","status":"publish","type":"post","link":"https:\/\/www.europesays.com\/fr\/574039\/","title":{"rendered":"Les Etats-Unis \u00ab\u00a0ne font que commencer\u00a0\u00bb \u00e0 couler des bateaux dans les Cara\u00efbes, pr\u00e9vient le chef du Pentagone"},"content":{"rendered":"<p>C\u2019est une semaine bien compliqu\u00e9e que vit Pete Hegseth, le <a href=\"https:\/\/www.20minutes.fr\/monde\/etats-unis\/4189265-20251202-etats-unis-pourquoi-pete-hegseth-chef-pentagone-arme-tortue-franklin-lance-roquettes\" class=\"c-link c-link--is-underlined\" target=\"_blank\" rel=\"noopener\">ministre am\u00e9ricain de la D\u00e9fense<\/a> (ou de la Guerre) de l\u2019administration Trump. Au c\u0153ur d\u2019une pol\u00e9mique n\u00e9e d\u2019une frappe am\u00e9ricaine suspect\u00e9e d\u2019avoir tu\u00e9 des survivants pr\u00e8s du Venezuela, le responsable am\u00e9ricain a choisi de durcir le ton. D\u00e8s l\u2019ouverture du Conseil des ministres \u00e0 la <a href=\"https:\/\/www.20minutes.fr\/dossier\/maison_blanche\" class=\"c-link c-link--is-underlined\" target=\"_blank\" rel=\"noopener\">Maison-Blanche<\/a>, il a assur\u00e9 que les frappes maritimes conduites par Washington contre les embarcations li\u00e9es au narcotrafic dans les Cara\u00efbes et le Pacifique \u00ab\u00a0ne font que commencer\u00a0\u00bb, et ce malgr\u00e9 les critiques croissantes quant \u00e0 leur l\u00e9galit\u00e9.<\/p>\n<p>Pris dans la tourmente, Pete Hegseth fait face \u00e0 une vive controverse depuis que le Washington Post a r\u00e9v\u00e9l\u00e9 que deux survivants d\u2019une frappe am\u00e9ricaine men\u00e9e en septembre, qui s\u2019accrochaient \u00e0 leur embarcation en flammes, auraient \u00e9t\u00e9 tu\u00e9s dans une seconde salve qu\u2019il aurait autoris\u00e9e.<\/p>\n<\/p>\n<p>Des \u00ab\u00a0ex\u00e9cutions extrajudiciaires\u00a0\u00bb<\/p>\n<p>Les \u00c9tats-Unis ont massivement renforc\u00e9 leur pr\u00e9sence militaire en mer depuis l\u2019\u00e9t\u00e9 dernier, mobilisant un porte-avions, des navires de guerre et des avions de chasse. Washington affirme cibler des r\u00e9seaux d\u00e9pendant du Venezuela, accusant le pr\u00e9sident Nicol\u00e1s Maduro de diriger un cartel. Selon le Pentagone, plus de vingt frappes ont \u00e9t\u00e9 men\u00e9es depuis septembre dans les Cara\u00efbes et dans l\u2019est du Pacifique, causant au moins 83 morts.<\/p>\n<p>Sauf qu\u2019aucune preuve n\u2019a \u00e9t\u00e9 rendue publique afin de d\u00e9montrer l\u2019implication des embarcations touch\u00e9es dans quelconque trafic de drogue. Tout ceci conduit juristes, \u00e9lus am\u00e9ricains et experts de l\u2019<a href=\"https:\/\/www.20minutes.fr\/monde\/onu\/\" class=\"c-link c-link--is-underlined\" target=\"_blank\" rel=\"noopener\">Onu<\/a> \u00e0 contester la l\u00e9galit\u00e9 de ces op\u00e9rations. Le Haut-Commissaire aux droits de l&rsquo;homme, Volker T\u00fcrk, a \u00e9voqu\u00e9 de \u00ab\u00a0solides indices\u00a0\u00bb d\u2019\u00ab\u00a0ex\u00e9cutions extrajudiciaires\u00a0\u00bb.<\/p>\n<p>Un \u00ab\u00a0brouillard de guerre\u00a0\u00bb<\/p>\n<p>La controverse s\u2019est amplifi\u00e9e <a href=\"https:\/\/www.washingtonpost.com\/podcasts\/post-reports\/pete-hegseth-said-to-kill-everybody-officials-say\/\" rel=\"nofollow noopener\" target=\"_blank\" class=\"c-link c-link--is-underlined\">apr\u00e8s les r\u00e9v\u00e9lations du Washington Post<\/a>. Selon le quotidien, deux survivants d\u2019une premi\u00e8re frappe, agripp\u00e9s \u00e0 un bateau en flammes, auraient \u00e9t\u00e9 tu\u00e9s dans une seconde salve. Cette frappe aurait \u00e9t\u00e9 autoris\u00e9e pour \u00ab\u00a0\u00e9liminer tous les occupants\u00a0\u00bb. Le minist\u00e8re de la D\u00e9fense a d\u2019abord ni\u00e9 l\u2019existence d\u2019un second tir avant que la Maison-Blanche ne le confirme, affirmant qu\u2019il avait \u00e9t\u00e9 ordonn\u00e9 par l\u2019amiral Frank Bradley, chef des op\u00e9rations sp\u00e9ciales am\u00e9ricaines, sur la base d\u2019une d\u00e9l\u00e9gation d\u2019autorit\u00e9 de Hegseth.<\/p>\n<p>Face \u00e0 la presse, le ministre a reconnu mardi avoir vu la premi\u00e8re frappe, mais pas la s\u00e9quence qui a conduit \u00e0 la seconde. \u00ab\u00a0Je n\u2019ai pas personnellement vu des survivants [\u2026], car (l\u2019embarcation) \u00e9tait en feu\u00a0\u00bb, a-t-il d\u00e9clar\u00e9, tout en invoquant le \u00ab\u00a0brouillard de guerre\u00a0\u00bb qui, selon lui, complexifie les d\u00e9cisions prises en situation op\u00e9rationnelle.<\/p>\n<p>Un ordre ill\u00e9gal\u00a0?<\/p>\n<p>Les r\u00e9v\u00e9lations de la presse am\u00e9ricaine ne s\u2019arr\u00eatent pas l\u00e0. Le <a href=\"https:\/\/www.nytimes.com\/2025\/12\/01\/us\/hegseth-drug-boat-strike-order-venezuela.html\" rel=\"nofollow noopener\" target=\"_blank\" class=\"c-link c-link--is-underlined\">New York Times<\/a> rapporte que Hegseth avait donn\u00e9 une directive g\u00e9n\u00e9rale autorisant des frappes l\u00e9tales avant la mission du 2\u00a0septembre, sans sp\u00e9cifier les r\u00e8gles applicables en cas de survivants.<\/p>\n<p><a href=\"https:\/\/www.20minutes.fr\/politique\/pete-hegseth\/\" class=\"c-link c-btn c-btn--primary\" target=\"_blank\" rel=\"noopener\">Tous nos articles sur Pete Hegseth<\/a><\/p>\n<p>Alors que le bilan humain s\u2019alourdit et que les appels \u00e0 une enqu\u00eate ind\u00e9pendante se multiplient, Washington maintient sa ligne\u00a0: les op\u00e9rations continueront. Les Etats-Unis \u00ab\u00a0ne font que commencer \u00e0 frapper des bateaux de narcos et \u00e0 envoyer des narcoterroristes au fond de l\u2019oc\u00e9an\u00a0\u00bb a donc pr\u00e9cis\u00e9 Pete Hegseth.<\/p>\n","protected":false},"excerpt":{"rendered":"C\u2019est une semaine bien compliqu\u00e9e que vit Pete Hegseth, le ministre am\u00e9ricain de la D\u00e9fense (ou de la&hellip;\n","protected":false},"author":2,"featured_media":574040,"comment_status":"","ping_status":"","sticky":false,"template":"","format":"standard","meta":{"footnotes":""},"categories":[5],"tags":[47,11,75,73,1011,27,14,78,1876,74,12,338,1068,1066,337,2744,28],"class_list":{"0":"post-574039","1":"post","2":"type-post","3":"status-publish","4":"format-standard","5":"has-post-thumbnail","7":"category-international","8":"tag-actualite","9":"tag-actualites","10":"tag-donald-trump","11":"tag-etats-unis","12":"tag-fr","13":"tag-france","14":"tag-international","15":"tag-maison-blanche","16":"tag-ministere-de-la-defense","17":"tag-monde","18":"tag-news","19":"tag-nicolas-maduro","20":"tag-pentagone","21":"tag-pete-hegseth","22":"tag-venezuela","23":"tag-washington","24":"tag-world"},"share_on_mastodon":{"url":"https:\/\/pubeurope.com\/@fr\/115652265665224689","error":""},"_links":{"self":[{"href":"https:\/\/www.europesays.com\/fr\/wp-json\/wp\/v2\/posts\/574039","targetHints":{"allow":["GET"]}}],"collection":[{"href":"https:\/\/www.europesays.com\/fr\/wp-json\/wp\/v2\/posts"}],"about":[{"href":"https:\/\/www.europesays.com\/fr\/wp-json\/wp\/v2\/types\/post"}],"author":[{"embeddable":true,"href":"https:\/\/www.europesays.com\/fr\/wp-json\/wp\/v2\/users\/2"}],"replies":[{"embeddable":true,"href":"https:\/\/www.europesays.com\/fr\/wp-json\/wp\/v2\/comments?post=574039"}],"version-history":[{"count":0,"href":"https:\/\/www.europesays.com\/fr\/wp-json\/wp\/v2\/posts\/574039\/revisions"}],"wp:featuredmedia":[{"embeddable":true,"href":"https:\/\/www.europesays.com\/fr\/wp-json\/wp\/v2\/media\/574040"}],"wp:attachment":[{"href":"https:\/\/www.europesays.com\/fr\/wp-json\/wp\/v2\/media?parent=574039"}],"wp:term":[{"taxonomy":"category","embeddable":true,"href":"https:\/\/www.europesays.com\/fr\/wp-json\/wp\/v2\/categories?post=574039"},{"taxonomy":"post_tag","embeddable":true,"href":"https:\/\/www.europesays.com\/fr\/wp-json\/wp\/v2\/tags?post=574039"}],"curies":[{"name":"wp","href":"https:\/\/api.w.org\/{rel}","templated":true}]}}