{"id":574059,"date":"2025-12-02T22:22:19","date_gmt":"2025-12-02T22:22:19","guid":{"rendered":"https:\/\/www.europesays.com\/fr\/574059\/"},"modified":"2025-12-02T22:22:19","modified_gmt":"2025-12-02T22:22:19","slug":"une-victime-prise-en-charge-2","status":"publish","type":"post","link":"https:\/\/www.europesays.com\/fr\/574059\/","title":{"rendered":"une victime prise en charge"},"content":{"rendered":"<p>\t\t\t\t\t Un accident impliquant deux bus s\u2019est produit mardi apr\u00e8s-midi, route de Paris, \u00e0 Bonsecours, en Seine-Maritime. Le choc, survenu par l\u2019arri\u00e8re, a n\u00e9cessit\u00e9 l\u2019intervention rapide des secours. Trois personnes ont \u00e9t\u00e9 impliqu\u00e9es, dont deux avaient quitt\u00e9 les lieux avant l\u2019arriv\u00e9e des \u00e9quipes de secours. <\/p>\n<p>Sur place, les sapeurs-pompiers ont constat\u00e9 que l\u2019un des deux bus \u00e9tait vide de tout occupant. Une victime \u00e9tait toujours pr\u00e9sente et faisait l\u2019objet d\u2019un bilan m\u00e9dical. Treize sapeurs-pompiers, mobilisant quatre engins, ont \u00e9t\u00e9 engag\u00e9s sur l\u2019intervention, aux c\u00f4t\u00e9s des forces de police. <\/p>\n<p><strong>Plus d&rsquo;informations \u00e0 venir<\/strong>\n\t\t\t\t <\/p>\n","protected":false},"excerpt":{"rendered":"Un accident impliquant deux bus s\u2019est produit mardi apr\u00e8s-midi, route de Paris, \u00e0 Bonsecours, en Seine-Maritime. Le choc,&hellip;\n","protected":false},"author":2,"featured_media":574060,"comment_status":"","ping_status":"","sticky":false,"template":"","format":"standard","meta":{"footnotes":""},"categories":[9587],"tags":[119,1111,11,36893,1067,1777,674,118,1011,27,12,5161,1072,1311,25,9590,5163],"class_list":{"0":"post-574059","1":"post","2":"type-post","3":"status-publish","4":"format-standard","5":"has-post-thumbnail","7":"category-rouen","8":"tag-accident","9":"tag-actu","10":"tag-actualites","11":"tag-bonsecours","12":"tag-enquete","13":"tag-eu","14":"tag-europe","15":"tag-faits-divers","16":"tag-fr","17":"tag-france","18":"tag-news","19":"tag-normandie","20":"tag-police","21":"tag-pompiers","22":"tag-republique-francaise","23":"tag-rouen","24":"tag-seine-maritime"},"share_on_mastodon":{"url":"https:\/\/pubeurope.com\/@fr\/115652312840485282","error":""},"_links":{"self":[{"href":"https:\/\/www.europesays.com\/fr\/wp-json\/wp\/v2\/posts\/574059","targetHints":{"allow":["GET"]}}],"collection":[{"href":"https:\/\/www.europesays.com\/fr\/wp-json\/wp\/v2\/posts"}],"about":[{"href":"https:\/\/www.europesays.com\/fr\/wp-json\/wp\/v2\/types\/post"}],"author":[{"embeddable":true,"href":"https:\/\/www.europesays.com\/fr\/wp-json\/wp\/v2\/users\/2"}],"replies":[{"embeddable":true,"href":"https:\/\/www.europesays.com\/fr\/wp-json\/wp\/v2\/comments?post=574059"}],"version-history":[{"count":0,"href":"https:\/\/www.europesays.com\/fr\/wp-json\/wp\/v2\/posts\/574059\/revisions"}],"wp:featuredmedia":[{"embeddable":true,"href":"https:\/\/www.europesays.com\/fr\/wp-json\/wp\/v2\/media\/574060"}],"wp:attachment":[{"href":"https:\/\/www.europesays.com\/fr\/wp-json\/wp\/v2\/media?parent=574059"}],"wp:term":[{"taxonomy":"category","embeddable":true,"href":"https:\/\/www.europesays.com\/fr\/wp-json\/wp\/v2\/categories?post=574059"},{"taxonomy":"post_tag","embeddable":true,"href":"https:\/\/www.europesays.com\/fr\/wp-json\/wp\/v2\/tags?post=574059"}],"curies":[{"name":"wp","href":"https:\/\/api.w.org\/{rel}","templated":true}]}}