{"id":574068,"date":"2025-12-02T22:30:33","date_gmt":"2025-12-02T22:30:33","guid":{"rendered":"https:\/\/www.europesays.com\/fr\/574068\/"},"modified":"2025-12-02T22:30:33","modified_gmt":"2025-12-02T22:30:33","slug":"municipales-2026-pierre-jakubowicz-appelle-a-un-debat-public-sur-lacces-aux-soins-a-strasbourg","status":"publish","type":"post","link":"https:\/\/www.europesays.com\/fr\/574068\/","title":{"rendered":"Municipales 2026. Pierre Jakubowicz appelle \u00e0 un d\u00e9bat public sur l\u2019acc\u00e8s aux soins \u00e0 Strasbourg"},"content":{"rendered":"<p class=\"insetTitle\">Municipales 2026 : Hoerl\u00e9 repart, Naturellement Bischhiem s&rsquo;interroge<\/p>\n<p>La liste Naturellement Bischheim a appris vendredi 28\u00a0novembre, dans les\u00a0DNA\u00a0, que Jean-Louis Hoerl\u00e9, le maire LR sortant, avait finalement d\u00e9cid\u00e9 <a href=\"https:\/\/www.dna.fr\/elections\/2025\/11\/28\/il-cree-la-surprise-a-76-ans-jean-louis-hoerle-a-decide-de-se-representer-a-bischheim\" target=\"_blank\" rel=\"noopener\">de se relancer dans la course \u00e9lectorale<\/a>, \u00e0 76 ans, apr\u00e8s avoir dans un premier temps annonc\u00e9 qu\u2019il quittait la politique municipale. Naturellement Bischheim s\u2019interroge sur la capacit\u00e9 de Jean-Louis Hoerl\u00e9 \u00ab\u00a0\u00e0 passer la main, renfor\u00e7ant l\u2019id\u00e9e d\u2019une vision tr\u00e8s personnelle du pouvoir\u00a0\u00bb. Une autre interrogation porte sur la volont\u00e9 de l\u2019actuel maire \u00ab\u00a0de passer le relais et de faire confiance aux plus jeunes g\u00e9n\u00e9rations\u00a0\u00bb. <\/p>\n<p>Naturellement Bischheim a mis\u00e9 \u00e0 l\u2019inverse sur Sevil Aras, 42 ans, qui m\u00e8ne pour la premi\u00e8re fois une liste, alors que G\u00e9rard Schann, 64 ans, t\u00eate de liste en 2020, quatre mandats dans l\u2019opposition \u00e0 son actif, a \u00e9t\u00e9 r\u00e9trograd\u00e9. \u00ab\u00a0Bischheim a besoin de changement, tant dans sa gestion municipale que dans une vision moderne et ambitieuse pour la ville.\u00a0\u00bb<\/p>\n","protected":false},"excerpt":{"rendered":"Municipales 2026 : Hoerl\u00e9 repart, Naturellement Bischhiem s&rsquo;interroge La liste Naturellement Bischheim a appris vendredi 28\u00a0novembre, dans les\u00a0DNA\u00a0,&hellip;\n","protected":false},"author":2,"featured_media":574069,"comment_status":"","ping_status":"","sticky":false,"template":"","format":"standard","meta":{"footnotes":""},"categories":[2820],"tags":[1111,11,2880,5949,4188,1777,674,107,1011,27,775,12,316,25,71,640,2879],"class_list":{"0":"post-574068","1":"post","2":"type-post","3":"status-publish","4":"format-standard","5":"has-post-thumbnail","7":"category-strasbourg","8":"tag-actu","9":"tag-actualites","10":"tag-edition-strasbourg","11":"tag-elections","12":"tag-elections-municipales","13":"tag-eu","14":"tag-europe","15":"tag-fil-info","16":"tag-fr","17":"tag-france","18":"tag-grand-est","19":"tag-news","20":"tag-politique","21":"tag-republique-francaise","22":"tag-sante","23":"tag-strasbourg","24":"tag-strasbourg-ville"},"share_on_mastodon":{"url":"https:\/\/pubeurope.com\/@fr\/115652344092667475","error":""},"_links":{"self":[{"href":"https:\/\/www.europesays.com\/fr\/wp-json\/wp\/v2\/posts\/574068","targetHints":{"allow":["GET"]}}],"collection":[{"href":"https:\/\/www.europesays.com\/fr\/wp-json\/wp\/v2\/posts"}],"about":[{"href":"https:\/\/www.europesays.com\/fr\/wp-json\/wp\/v2\/types\/post"}],"author":[{"embeddable":true,"href":"https:\/\/www.europesays.com\/fr\/wp-json\/wp\/v2\/users\/2"}],"replies":[{"embeddable":true,"href":"https:\/\/www.europesays.com\/fr\/wp-json\/wp\/v2\/comments?post=574068"}],"version-history":[{"count":0,"href":"https:\/\/www.europesays.com\/fr\/wp-json\/wp\/v2\/posts\/574068\/revisions"}],"wp:featuredmedia":[{"embeddable":true,"href":"https:\/\/www.europesays.com\/fr\/wp-json\/wp\/v2\/media\/574069"}],"wp:attachment":[{"href":"https:\/\/www.europesays.com\/fr\/wp-json\/wp\/v2\/media?parent=574068"}],"wp:term":[{"taxonomy":"category","embeddable":true,"href":"https:\/\/www.europesays.com\/fr\/wp-json\/wp\/v2\/categories?post=574068"},{"taxonomy":"post_tag","embeddable":true,"href":"https:\/\/www.europesays.com\/fr\/wp-json\/wp\/v2\/tags?post=574068"}],"curies":[{"name":"wp","href":"https:\/\/api.w.org\/{rel}","templated":true}]}}