{"id":574070,"date":"2025-12-02T22:32:24","date_gmt":"2025-12-02T22:32:24","guid":{"rendered":"https:\/\/www.europesays.com\/fr\/574070\/"},"modified":"2025-12-02T22:32:24","modified_gmt":"2025-12-02T22:32:24","slug":"municipales-2026-face-au-surtourisme-un-candidat-a-la-mairie-de-strasbourg-souhaite-rendre-payant-le-marche-de-noel","status":"publish","type":"post","link":"https:\/\/www.europesays.com\/fr\/574070\/","title":{"rendered":"Municipales 2026\u00a0: face au surtourisme, un candidat \u00e0 la mairie de Strasbourg souhaite rendre payant le march\u00e9 de No\u00ebl"},"content":{"rendered":"<p class=\"paragraph text_align_left lp-f-body-02\">Le <a href=\"https:\/\/www.leparisien.fr\/faits-divers\/ne-pas-ceder-a-la-panique-la-decouverte-dune-arme-automatique-ne-perturbe-pas-le-marche-de-noel-de-strasbourg-29-11-2025-SWNKKFJFQZG2FMAZBMCXV4CGSI.php\" target=\"_self\" rel=\"noopener\">march\u00e9 de No\u00ebl<\/a> bient\u00f4t payant ? C\u2019est en tout cas une des propositions de Florian Kobryn, candidat insoumis aux <a href=\"https:\/\/www.leparisien.fr\/elections\/municipales\/strasbourg-est-une-ville-multiculturelle-un-candidat-aux-municipales-publie-un-tract-en-arabe-en-turc-et-en-alsacien-17-11-2025-F4NS3ZYRRBBAPOOPJKQEWA7EVM.php\" target=\"_self\" rel=\"noopener\">municipales \u00e0 Strasbourg<\/a>. Une mesure qui vise \u00e0 lutter contre le surtourisme et financer des places d\u2019h\u00e9bergement d\u2019urgence, a-t-il annonc\u00e9 mardi.<\/p>\n<p class=\"paragraph text_align_left lp-f-body-02\">Le candidat propose que les personnes ext\u00e9rieures \u00e0 la m\u00e9tropole de Strasbourg payent 10 euros pour acc\u00e9der au march\u00e9 de No\u00ebl les jours de week-end, les plus fr\u00e9quent\u00e9s du march\u00e9, qui a attir\u00e9 3,4 millions de visiteurs l\u2019an dernier.<\/p>\n<p class=\"paragraph text_align_left lp-f-body-02\">\u00ab Le surtourisme est d\u00e9j\u00e0 une r\u00e9alit\u00e9 et il nous faut agir \u00bb, a d\u00e9clar\u00e9 Florian Kobryn, citant un \u00ab centre-ville impraticable pendant quatre semaines, surtout les week-ends \u00bb.<\/p>\n<p>La crainte d\u2019une \u00ab ville-mus\u00e9e vid\u00e9e de ses habitants \u00bb<\/p>\n<p class=\"paragraph text_align_left lp-f-body-02\">Selon lui, la population du centre-ville \u00ab diminue chaque ann\u00e9e \u00bb et des centaines d\u2019appartements \u00ab passent du march\u00e9 locatif classique au march\u00e9 locatif touristique, notamment via les plateformes Airbnb \u00bb.<\/p>\n<p class=\"paragraph text_align_left lp-f-body-02\">\u00ab Il y a un enjeu \u00e0 faire en sorte que notre ville ne devienne pas une ville-mus\u00e9e qui est vid\u00e9e de ses habitants \u00bb, a soulign\u00e9 la t\u00eate de liste de La France insoumise (LFI) aux municipales de Strasbourg. Il a cit\u00e9 l\u2019exemple des <a href=\"https:\/\/www.leparisien.fr\/pyrenees-atlantiques-64\/les-fetes-de-bayonne-victimes-de-leur-succes-01-06-2024-4K6TDSUO3FBQVA4GDCYVFHSMH4.php\" target=\"_self\" rel=\"noopener\">F\u00eates de Bayonne<\/a>, dont l\u2019acc\u00e8s du vendredi \u00e0 10 heures au dimanche \u00e0 minuit est devenu payant depuis 2018.<\/p>\n<p class=\"paragraph text_align_left lp-f-body-02\">\u00c0 Strasbourg, la v\u00e9rification des billets pourrait se faire aux points d\u2019acc\u00e8s au c\u0153ur historique de la ville qui sont d\u00e9j\u00e0 contr\u00f4l\u00e9s par des agents de s\u00e9curit\u00e9 aux heures d\u2019ouverture (11h30-21h00).<\/p>\n<p class=\"paragraph text_align_left lp-f-body-02\">L\u2019argent r\u00e9colt\u00e9 servirait \u00e0 financer des places d\u2019h\u00e9bergement d\u2019urgence. \u00ab On est en mesure d\u2019accueillir le monde entier, mais on ne donne pas un toit \u00e0 des enfants et des familles qui dorment \u00e0 la rue \u00bb, d\u00e9plore le candidat de La France insoumise aux municipales de mars prochain, soulignant qu\u2019il y a \u00ab des enfants qui dorment dehors \u00e0 quelques rues du Grand Sapin \u00bb.<\/p>\n<p class=\"paragraph text_align_left lp-f-body-02\">Le march\u00e9 de No\u00ebl de Strasbourg<a href=\"https:\/\/www.leparisien.fr\/societe\/entre-feerie-et-securite-renforcee-le-marche-de-noel-de-strasbourg-ouvre-ce-mercredi-26-11-2025-NBAVTA52ANCAZG4D3G5Z2XGE6Y.php\" target=\"_self\" rel=\"noopener\"> a ouvert le 26 novembre<\/a> et fermera le 24 d\u00e9cembre \u00e0 18 heures.<\/p>\n","protected":false},"excerpt":{"rendered":"Le march\u00e9 de No\u00ebl bient\u00f4t payant ? C\u2019est en tout cas une des propositions de Florian Kobryn, candidat&hellip;\n","protected":false},"author":2,"featured_media":574071,"comment_status":"","ping_status":"","sticky":false,"template":"","format":"standard","meta":{"footnotes":""},"categories":[2820],"tags":[1111,11,5949,1777,674,1011,27,775,3554,12,316,25,640],"class_list":{"0":"post-574070","1":"post","2":"type-post","3":"status-publish","4":"format-standard","5":"has-post-thumbnail","7":"category-strasbourg","8":"tag-actu","9":"tag-actualites","10":"tag-elections","11":"tag-eu","12":"tag-europe","13":"tag-fr","14":"tag-france","15":"tag-grand-est","16":"tag-municipales","17":"tag-news","18":"tag-politique","19":"tag-republique-francaise","20":"tag-strasbourg"},"share_on_mastodon":{"url":"https:\/\/pubeurope.com\/@fr\/115652352076366426","error":""},"_links":{"self":[{"href":"https:\/\/www.europesays.com\/fr\/wp-json\/wp\/v2\/posts\/574070","targetHints":{"allow":["GET"]}}],"collection":[{"href":"https:\/\/www.europesays.com\/fr\/wp-json\/wp\/v2\/posts"}],"about":[{"href":"https:\/\/www.europesays.com\/fr\/wp-json\/wp\/v2\/types\/post"}],"author":[{"embeddable":true,"href":"https:\/\/www.europesays.com\/fr\/wp-json\/wp\/v2\/users\/2"}],"replies":[{"embeddable":true,"href":"https:\/\/www.europesays.com\/fr\/wp-json\/wp\/v2\/comments?post=574070"}],"version-history":[{"count":0,"href":"https:\/\/www.europesays.com\/fr\/wp-json\/wp\/v2\/posts\/574070\/revisions"}],"wp:featuredmedia":[{"embeddable":true,"href":"https:\/\/www.europesays.com\/fr\/wp-json\/wp\/v2\/media\/574071"}],"wp:attachment":[{"href":"https:\/\/www.europesays.com\/fr\/wp-json\/wp\/v2\/media?parent=574070"}],"wp:term":[{"taxonomy":"category","embeddable":true,"href":"https:\/\/www.europesays.com\/fr\/wp-json\/wp\/v2\/categories?post=574070"},{"taxonomy":"post_tag","embeddable":true,"href":"https:\/\/www.europesays.com\/fr\/wp-json\/wp\/v2\/tags?post=574070"}],"curies":[{"name":"wp","href":"https:\/\/api.w.org\/{rel}","templated":true}]}}