{"id":574076,"date":"2025-12-02T22:35:15","date_gmt":"2025-12-02T22:35:15","guid":{"rendered":"https:\/\/www.europesays.com\/fr\/574076\/"},"modified":"2025-12-02T22:35:15","modified_gmt":"2025-12-02T22:35:15","slug":"fiabilite-des-chiffres-quelles-questions-de-societe-linsee-a-la-rencontre-des-citoyens","status":"publish","type":"post","link":"https:\/\/www.europesays.com\/fr\/574076\/","title":{"rendered":"Fiabilit\u00e9 des chiffres\u00a0? Quelles questions de soci\u00e9t\u00e9\u00a0? L\u2019Insee \u00e0 la rencontre des citoyens"},"content":{"rendered":"<p>Les habitants sont invit\u00e9s \u00e0 participer \u00e0 une rencontre avec le directeur de l\u2019Insee, l\u2019Institut national de la statistique et des \u00e9tudes \u00e9conomiques, ce mercredi 3\u00a0d\u00e9cembre, \u00e0 Nantes (Loire-Atlantique). Objectif\u00a0: r\u00e9unir pr\u00e8s de 150\u00a0citoyens, refl\u00e9tant la diversit\u00e9 de la soci\u00e9t\u00e9\u00a0: monde associatif (responsables d\u2019association, b\u00e9n\u00e9voles), monde \u00e9conomique (artisans-commer\u00e7ants, exploitants agricoles, professions lib\u00e9rales, employ\u00e9s ou cadres), monde \u00e9tudiant (enseignant, \u00e9l\u00e8ves)\u2026 et autres esprits curieux.<\/p>\n<p>Ils y \u00e9changeront pour mieux percevoir les grands sujets de soci\u00e9t\u00e9.\u00a0Des interviews ont \u00e9t\u00e9 conduites en amont aupr\u00e8s de vingt-cinq\u00a0citoyens et une vid\u00e9o introductive \u00e0 l\u2019\u00e9v\u00e9nement mettra en exergue leur parole\u00a0: leurs doutes sur l\u2019information, leur attente pour avoir des chiffres qui puissent parler \u00e0 chacun, les grands sujets de soci\u00e9t\u00e9 pour lesquels ils ressentent le besoin d\u2019y voir plus clair.<\/p>\n<p><strong>Ce mercredi 3\u00a0d\u00e9cembre, <\/strong>\u00e0 partir de 17\u00a0h et jusqu\u2019\u00e0 20\u00a0h, \u00e0 la manufacture des tabacs, boulevard Stalingrad, \u00e0 Nantes. Les inscriptions, gratuites mais en nombre limit\u00e9 de places, sont ouvertes sur <a href=\"https:\/\/rencontres.insee.net\/\" target=\"_blank\" rel=\"noopener\">rencontres.insee.net<\/a><\/p>\n<p>\u00a0<\/p>\n","protected":false},"excerpt":{"rendered":"Les habitants sont invit\u00e9s \u00e0 participer \u00e0 une rencontre avec le directeur de l\u2019Insee, l\u2019Institut national de la&hellip;\n","protected":false},"author":2,"featured_media":574077,"comment_status":"","ping_status":"","sticky":false,"template":"","format":"standard","meta":{"footnotes":""},"categories":[2818],"tags":[1111,11,4298,28489,1777,674,68839,1011,27,2066,766,12,2636,1426,5486,25,104],"class_list":{"0":"post-574076","1":"post","2":"type-post","3":"status-publish","4":"format-standard","5":"has-post-thumbnail","7":"category-nantes","8":"tag-actu","9":"tag-actualites","10":"tag-chiffres","11":"tag-citoyens","12":"tag-eu","13":"tag-europe","14":"tag-fiabilite","15":"tag-fr","16":"tag-france","17":"tag-insee","18":"tag-nantes","19":"tag-news","20":"tag-pays-de-la-loire","21":"tag-questions","22":"tag-rencontre","23":"tag-republique-francaise","24":"tag-societe"},"share_on_mastodon":{"url":"https:\/\/pubeurope.com\/@fr\/115652363890247398","error":""},"_links":{"self":[{"href":"https:\/\/www.europesays.com\/fr\/wp-json\/wp\/v2\/posts\/574076","targetHints":{"allow":["GET"]}}],"collection":[{"href":"https:\/\/www.europesays.com\/fr\/wp-json\/wp\/v2\/posts"}],"about":[{"href":"https:\/\/www.europesays.com\/fr\/wp-json\/wp\/v2\/types\/post"}],"author":[{"embeddable":true,"href":"https:\/\/www.europesays.com\/fr\/wp-json\/wp\/v2\/users\/2"}],"replies":[{"embeddable":true,"href":"https:\/\/www.europesays.com\/fr\/wp-json\/wp\/v2\/comments?post=574076"}],"version-history":[{"count":0,"href":"https:\/\/www.europesays.com\/fr\/wp-json\/wp\/v2\/posts\/574076\/revisions"}],"wp:featuredmedia":[{"embeddable":true,"href":"https:\/\/www.europesays.com\/fr\/wp-json\/wp\/v2\/media\/574077"}],"wp:attachment":[{"href":"https:\/\/www.europesays.com\/fr\/wp-json\/wp\/v2\/media?parent=574076"}],"wp:term":[{"taxonomy":"category","embeddable":true,"href":"https:\/\/www.europesays.com\/fr\/wp-json\/wp\/v2\/categories?post=574076"},{"taxonomy":"post_tag","embeddable":true,"href":"https:\/\/www.europesays.com\/fr\/wp-json\/wp\/v2\/tags?post=574076"}],"curies":[{"name":"wp","href":"https:\/\/api.w.org\/{rel}","templated":true}]}}