{"id":57408,"date":"2025-04-27T18:21:10","date_gmt":"2025-04-27T18:21:10","guid":{"rendered":"https:\/\/www.europesays.com\/fr\/57408\/"},"modified":"2025-04-27T18:21:10","modified_gmt":"2025-04-27T18:21:10","slug":"girondins-en-desertant-le-stade-les-bordelais-envoient-un-message-fort-au-club","status":"publish","type":"post","link":"https:\/\/www.europesays.com\/fr\/57408\/","title":{"rendered":"Girondins : \u00ab\u00a0En d\u00e9sertant le stade, les Bordelais envoient un message fort au club\u00a0\u00bb"},"content":{"rendered":"<p><img decoding=\"async\" src=\"https:\/\/www.europesays.com\/fr\/wp-content\/uploads\/2025\/04\/671_1b97d82097da55304948339a3e0feb92.jpg\" alt=\"Girondins : &quot;En d\u00e9sertant le stade, les Bordelais envoient un message fort au club&quot;\" class=\"img-responsive mt-3\"\/><\/p>\n<p class=\"text-center mb-3\" style=\"font-size: 14px\">\u00a9 Iconsport<\/p>\n<p style=\"text-align: justify;\">Le d\u00e9sint\u00e9r\u00eat du public bordelais a \u00e9t\u00e9 marquant ce samedi pour le match de la 27e journ\u00e9e de National 2. Seulement, 5500 personnes se sont d\u00e9plac\u00e9es au Matmut Atlantique pour assister \u00e0 cette rencontre.<\/p>\n<p style=\"text-align: justify;\">Le stade sonnait creux, c&rsquo;est historiquement faible alors que les matchs pr\u00e9c\u00e9dents ont rassembl\u00e9 plus de 10 000 spectateurs.<\/p>\n<p style=\"text-align: justify;\">Le manque d&rsquo;enjeu, la lassitude autour du club, et la concurrence de l&rsquo;UBB qui jouait au Stade Chaban-Delmas le m\u00eame jour face \u00e0 La Rochelle peuvent expliquer la pire affluence de la saison.<\/p>\n<p style=\"text-align: justify;\">C&rsquo;est surtout un signal fort que les Bordelais.es envoient \u00e0 la direction du club : avoir du public \u00e0 Bordeaux n&rsquo;est pas un acquis. <\/p>\n<p>\u00c9coutez les propos ou lisez-les ci-dessous :<\/p>\n<p>\u00a0<\/p>\n<p><strong>\u00ab\u00a0Les gens ne veulent plus venir dans ces conditions au stade\u00a0\u00bb<\/strong><\/p>\n<p style=\"text-align: justify;\">Nicolas Pietrelli <a href=\"https:\/\/www.youtube.com\/watch?v=gWWHLkCDBLs\" target=\"_blank\" rel=\"noopener nofollow\">dans le D\u00e9brief \u00e0 Chaud<\/a> : \u00ab\u00a0Les supporters n&rsquo;ont pas voulu se d\u00e9placer pour voir cette \u00e9quipe. On ne vient plus voir \u00e7a. C&rsquo;est un message fort envoy\u00e9 par les gens qui ne viennent pas au Stade, aussi fort que celui qui \u00e9tait envoy\u00e9 quand ils venaient en nombre au stade. Ils disent au club : \u00ab\u00a0Attention, on ne viendra plus, pas dans ces conditions, pas avec cette \u00e9quipe et pas avec cette direction\u00a0\u00bb. Jouer devant 6000 personnes au Matmut, est-ce que c&rsquo;est \u00e9conomiquement viable pour le club la saison prochaine ? Comment tu peux remobiliser ton public ? Cette affluence est un message \u00e0 prendre tr\u00e8s s\u00e9rieusement en compte par le club. C&rsquo;est pour moi le plus gros message de la soir\u00e9e.\u00a0\u00bb<\/p>\n<p style=\"text-align: justify;\">\u00c0 lire aussi &gt;&gt; <strong><a href=\"https:\/\/www.webgirondins.com\/actualite-girondins-n3-bordeaux-officiellement-relegue-en-regional-1-apres-sa-defaite-face-au-toulouse-fc-128872\" target=\"_blank\" rel=\"noopener nofollow\">N3 : Bordeaux officiellement rel\u00e9gu\u00e9 en R\u00e9gional 1 apr\u00e8s sa d\u00e9faite face au Toulouse FC<\/a><\/strong><\/p>\n","protected":false},"excerpt":{"rendered":"\u00a9 Iconsport Le d\u00e9sint\u00e9r\u00eat du public bordelais a \u00e9t\u00e9 marquant ce samedi pour le match de la 27e&hellip;\n","protected":false},"author":2,"featured_media":45376,"comment_status":"","ping_status":"","sticky":false,"template":"","format":"standard","meta":{"footnotes":""},"categories":[2817],"tags":[1111,11,15324,2865,1997,6950,5244,15319,2834,15321,15320,1777,674,7482,1011,27,1987,3465,955,2862,12889,3238,12,2219,15323,471,14321,25,6689,3982,3333,15322,2858],"class_list":{"0":"post-57408","1":"post","2":"type-post","3":"status-publish","4":"format-standard","5":"has-post-thumbnail","7":"category-bordeaux","8":"tag-actu","9":"tag-actualites","10":"tag-assister","11":"tag-atlantique","12":"tag-bordeaux","13":"tag-bordelais","14":"tag-club","15":"tag-desertant","16":"tag-entre","17":"tag-environ","18":"tag-envoient","19":"tag-eu","20":"tag-europe","21":"tag-fort","22":"tag-fr","23":"tag-france","24":"tag-girondins","25":"tag-journee","26":"tag-match","27":"tag-matmut","28":"tag-message","29":"tag-national","30":"tag-news","31":"tag-nouvelle-aquitaine","32":"tag-portiques","33":"tag-pour","34":"tag-presentes","35":"tag-republique-francaise","36":"tag-roche","37":"tag-samedi","38":"tag-sont","39":"tag-spectateurs","40":"tag-stade"},"share_on_mastodon":{"url":"https:\/\/pubeurope.com\/@fr\/114411319117133602","error":""},"_links":{"self":[{"href":"https:\/\/www.europesays.com\/fr\/wp-json\/wp\/v2\/posts\/57408","targetHints":{"allow":["GET"]}}],"collection":[{"href":"https:\/\/www.europesays.com\/fr\/wp-json\/wp\/v2\/posts"}],"about":[{"href":"https:\/\/www.europesays.com\/fr\/wp-json\/wp\/v2\/types\/post"}],"author":[{"embeddable":true,"href":"https:\/\/www.europesays.com\/fr\/wp-json\/wp\/v2\/users\/2"}],"replies":[{"embeddable":true,"href":"https:\/\/www.europesays.com\/fr\/wp-json\/wp\/v2\/comments?post=57408"}],"version-history":[{"count":0,"href":"https:\/\/www.europesays.com\/fr\/wp-json\/wp\/v2\/posts\/57408\/revisions"}],"wp:featuredmedia":[{"embeddable":true,"href":"https:\/\/www.europesays.com\/fr\/wp-json\/wp\/v2\/media\/45376"}],"wp:attachment":[{"href":"https:\/\/www.europesays.com\/fr\/wp-json\/wp\/v2\/media?parent=57408"}],"wp:term":[{"taxonomy":"category","embeddable":true,"href":"https:\/\/www.europesays.com\/fr\/wp-json\/wp\/v2\/categories?post=57408"},{"taxonomy":"post_tag","embeddable":true,"href":"https:\/\/www.europesays.com\/fr\/wp-json\/wp\/v2\/tags?post=57408"}],"curies":[{"name":"wp","href":"https:\/\/api.w.org\/{rel}","templated":true}]}}