{"id":574090,"date":"2025-12-02T22:42:14","date_gmt":"2025-12-02T22:42:14","guid":{"rendered":"https:\/\/www.europesays.com\/fr\/574090\/"},"modified":"2025-12-02T22:42:14","modified_gmt":"2025-12-02T22:42:14","slug":"lille-un-homme-chute-mortellement-dun-immeuble-alors-quil-allait-etre-interpelle","status":"publish","type":"post","link":"https:\/\/www.europesays.com\/fr\/574090\/","title":{"rendered":"Lille. Un homme chute mortellement d&rsquo;un immeuble alors qu&rsquo;il allait \u00eatre interpell\u00e9"},"content":{"rendered":"<p>Un homme de 29 ans a mortellement chut\u00e9 d&rsquo;une tour d&rsquo;immeuble lundi \u00e0 Lille, alors qu&rsquo;il \u00e9tait sur le point d&rsquo;\u00eatre interpell\u00e9 dans le cadre d&rsquo;une enqu\u00eate pour s\u00e9questration et violences dans le cercle intrafamilial, a expliqu\u00e9 mardi le parquet.<\/p>\n<p>Le suspect \u00e9tait \u00ab dans sa chambre \u00bb au domicile de ses parents et \u00ab a enjamb\u00e9 la fen\u00eatre au moment o\u00f9 les enqu\u00eateurs se sont pr\u00e9sent\u00e9s \u00bb dans la pi\u00e8ce, selon le parquet de Lille.<\/p>\n<p>Une enqu\u00eate ouverte<\/p>\n<p>Il est tomb\u00e9 du 8e \u00e9tage de l&rsquo;immeuble, a pr\u00e9cis\u00e9 \u00e0 l&rsquo;AFP\u00a0une source proche du dossier. Les policiers avaient pr\u00e9alablement interpell\u00e9 deux autres personnes dans le cadre de la m\u00eame enqu\u00eate, sur une autre commune.<\/p>\n<p>Une enqu\u00eate pour recherche des causes de la mort a \u00e9t\u00e9 ouverte, a ajout\u00e9 le parquet de Lille.<\/p>\n","protected":false},"excerpt":{"rendered":"Un homme de 29 ans a mortellement chut\u00e9 d&rsquo;une tour d&rsquo;immeuble lundi \u00e0 Lille, alors qu&rsquo;il \u00e9tait sur&hellip;\n","protected":false},"author":2,"featured_media":574091,"comment_status":"","ping_status":"","sticky":false,"template":"","format":"standard","meta":{"footnotes":""},"categories":[2815],"tags":[119,1111,11,1777,674,274,107,1011,27,329,811,1307,12,25],"class_list":{"0":"post-574090","1":"post","2":"type-post","3":"status-publish","4":"format-standard","5":"has-post-thumbnail","7":"category-lille","8":"tag-accident","9":"tag-actu","10":"tag-actualites","11":"tag-eu","12":"tag-europe","13":"tag-faits-divers-justice","14":"tag-fil-info","15":"tag-fr","16":"tag-france","17":"tag-france-monde","18":"tag-hauts-de-france","19":"tag-lille","20":"tag-news","21":"tag-republique-francaise"},"share_on_mastodon":{"url":"https:\/\/pubeurope.com\/@fr\/115652391366434112","error":""},"_links":{"self":[{"href":"https:\/\/www.europesays.com\/fr\/wp-json\/wp\/v2\/posts\/574090","targetHints":{"allow":["GET"]}}],"collection":[{"href":"https:\/\/www.europesays.com\/fr\/wp-json\/wp\/v2\/posts"}],"about":[{"href":"https:\/\/www.europesays.com\/fr\/wp-json\/wp\/v2\/types\/post"}],"author":[{"embeddable":true,"href":"https:\/\/www.europesays.com\/fr\/wp-json\/wp\/v2\/users\/2"}],"replies":[{"embeddable":true,"href":"https:\/\/www.europesays.com\/fr\/wp-json\/wp\/v2\/comments?post=574090"}],"version-history":[{"count":0,"href":"https:\/\/www.europesays.com\/fr\/wp-json\/wp\/v2\/posts\/574090\/revisions"}],"wp:featuredmedia":[{"embeddable":true,"href":"https:\/\/www.europesays.com\/fr\/wp-json\/wp\/v2\/media\/574091"}],"wp:attachment":[{"href":"https:\/\/www.europesays.com\/fr\/wp-json\/wp\/v2\/media?parent=574090"}],"wp:term":[{"taxonomy":"category","embeddable":true,"href":"https:\/\/www.europesays.com\/fr\/wp-json\/wp\/v2\/categories?post=574090"},{"taxonomy":"post_tag","embeddable":true,"href":"https:\/\/www.europesays.com\/fr\/wp-json\/wp\/v2\/tags?post=574090"}],"curies":[{"name":"wp","href":"https:\/\/api.w.org\/{rel}","templated":true}]}}