{"id":574093,"date":"2025-12-02T22:44:12","date_gmt":"2025-12-02T22:44:12","guid":{"rendered":"https:\/\/www.europesays.com\/fr\/574093\/"},"modified":"2025-12-02T22:44:12","modified_gmt":"2025-12-02T22:44:12","slug":"polo-ligue-des-champions-le-cercle-des-nageurs-de-marseille-sincline-a-domicile-contre-barceloneta","status":"publish","type":"post","link":"https:\/\/www.europesays.com\/fr\/574093\/","title":{"rendered":"polo &#8211; Ligue des champions : le Cercle des nageurs de Marseille s&rsquo;incline \u00e0 domicile contre Barceloneta"},"content":{"rendered":"<p>Quelques minutes apr\u00e8s le coup de sifflet final, joueurs et staff se r\u00e9unissent en cercle au bord du bassin. M\u00eame s&rsquo;ils en ont tous gros sur le c\u0153ur apr\u00e8s cette cruelle d\u00e9faite contre Barceloneta (11-12), <a href=\"https:\/\/www.laprovence.com\/article\/sports\/1912490201459415\/water-polo-ligue-des-champions-le-cnm-doit-gagner-pour-garder-les-cartes-en-main\" target=\"_blank\" rel=\"noopener\">le discours du coach se veut r\u00e9confortant et les Marseillais s&rsquo;encouragent pour ce qui va suivre<\/a>. Car rien n&rsquo;est perdu. Cette d\u00e9faite ne change pas la donne. Pour se qualifier pour le prochain tour de cette Ligue des champions, ils devront gagner \u00e0 Sabadell, en Espagne le 11\u00a0f\u00e9vrier prochain.<\/p>\n<p>Reste que cette d\u00e9faite fait mal au moral car c&rsquo;est la troisi\u00e8me d&rsquo;affil\u00e9e dans cette premi\u00e8re phase de groupes et parce que les joueurs du Cercle ont sorti un grand match mais n&rsquo;ont pas \u00e9t\u00e9 r\u00e9compens\u00e9s de leurs efforts. Apr\u00e8s une entame tonitruante, ils ont compt\u00e9 jusqu&rsquo;\u00e0 4 buts d&rsquo;avance (8-4, 16e), ont men\u00e9 quasiment tout le match. Les Espagnols sont en effet pass\u00e9s devant pour la premi\u00e8re fois de la rencontre \u00e0 deux minutes du buzzer. \u00ab\u00a0C&rsquo;est dur, mais c&rsquo;est le sport. On doit l&rsquo;accepter, on n&rsquo;a pas le choix, soupire l&rsquo;entra\u00eeneur Milos Scepanovic. On a mis tous les \u00e9l\u00e9ments d&rsquo;une grande \u00e9quipe. Il nous a juste manqu\u00e9 de la fra\u00eecheur, faute de rotations suffisantes (Ugo Crousillat suspendu, Micha\u00ebl Bodegas, bless\u00e9). Mais il ne faut pas oublier que c&rsquo;est une \u00e9quipe en construction. Il nous faut peut-\u00eatre vivre des moments difficiles comme \u00e7a pour construire quelque chose de stable pour le futur. Le plus important est que les gar\u00e7ons ont fait preuve de caract\u00e8re. Ils ont tout pour aller loin, comment et quand on verra.\u00a0\u00bb<\/p>\n<p>Apr\u00e8s leurs deux derniers <a href=\"https:\/\/www.laprovence.com\/article\/sports\/2421817168598914\/water-polo-ligue-des-champions-le-cn-marseille-chute-pour-la-premiere-fois-de-la-saison\" target=\"_blank\" rel=\"noopener\">rendez-vous europ\u00e9ens d\u00e9cevants<\/a>, les polo\u00efstes du CNM ont su se remobiliser. Dans l&rsquo;\u00e9tat d&rsquo;esprit, ils ont r\u00e9pondu pr\u00e9sent ce mardi. \u00ab\u00a0On a fait le match qu&rsquo;on voulait faire, on les a amen\u00e9s l\u00e0 o\u00f9 on voulait, estime Alexandre Bouet. Malheureusement, ce n&rsquo;est pas pass\u00e9. \u00c7a s&rsquo;est jou\u00e9 \u00e0 un peu de chance, \u00e0 des d\u00e9tails. On rate ce penalty \u00e0 la fin&#8230;\u00a0\u00bb<\/p>\n<p>Mais pas le temps de cogiter trop longtemps, tous se projettent vers la suite. Apr\u00e8s la tr\u00eave internationale. \u00ab\u00a0Ce n&rsquo;est pas ce match-l\u00e0 qui fait tache mais cette troisi\u00e8me d\u00e9faite en Ligue des champions qui fait mal, confie Thomas Vernoux, capitaine mardi soir. L&rsquo;\u00e9quipe est tr\u00e8s forte et si on joue comme \u00e7a, on ira loin dans la comp\u00e9tition.\u00a0\u00bb<\/p>\n<p>\u00c7a passe d\u00e9j\u00e0 par une victoire dans deux mois \u00e0 Sabadell. Le rendez-vous est pris.<\/p>\n<p>CN Marseille &#8211; CNA Barceloneta : 11-12<\/p>\n<p>Bassin Garsau. <br \/>Arbitres\u00a0: MM. Kovacs-Csatlos, Schwartz. <br \/>Spectateurs\u00a0: 990. <br \/>Mi-temps\u00a0: 8-5. Quart-temps\u00a0: 4-1, 4-4, 2-3, 1-3. <br \/>CN Marseille\u00a0: Tesanovic, McKnight &#8211; Larumbe (1), Ondo Methogo, De Nardi, Nagy, Vernoux (2, cap.), Drasovic (1), Bouet (4), Marion-Vernoux (1), Spaic, Vanpeperstraete, Kalogeropoulos (2), Gbadamassi. 17 exclusions temporaires. <br \/>Entra\u00eeneur\u00a0: Milos Scepanovic. <br \/>CNA Barceloneta\u00a0: Aguirre, Delmas &#8211; Munariz, Velotto, Valls (1), Sanahuja (2), Echenique (3), Bustos, Burian (1), Tahull, Pal Vigvari (3), Biel (2), Bustos, Gomila. 16 exclusions temporaires, dont sorti pour 3 fautes\u00a0: Sanahuja (29), Velotto (31). Exclusion d\u00e9finitive\u00a0: Willians Morales, coach suppl\u00e9ant (27). <br \/>Entra\u00eeneur\u00a0: Francisco Fernandez.<\/p>\n","protected":false},"excerpt":{"rendered":"Quelques minutes apr\u00e8s le coup de sifflet final, joueurs et staff se r\u00e9unissent en cercle au bord du&hellip;\n","protected":false},"author":2,"featured_media":574094,"comment_status":"","ping_status":"","sticky":false,"template":"","format":"standard","meta":{"footnotes":""},"categories":[2814],"tags":[17,1111,11,17553,6828,154,1777,674,1011,27,3022,884,17636,12,882,25,60,7488],"class_list":{"0":"post-574093","1":"post","2":"type-post","3":"status-publish","4":"format-standard","5":"has-post-thumbnail","7":"category-marseille","8":"tag-17","9":"tag-actu","10":"tag-actualites","11":"tag-cercle","12":"tag-champions","13":"tag-des","14":"tag-eu","15":"tag-europe","16":"tag-fr","17":"tag-france","18":"tag-ligue","19":"tag-marseille","20":"tag-nageurs","21":"tag-news","22":"tag-provence-alpes-cote-dazur","23":"tag-republique-francaise","24":"tag-sports","25":"tag-water-polo"},"share_on_mastodon":{"url":"https:\/\/pubeurope.com\/@fr\/115652399240330896","error":""},"_links":{"self":[{"href":"https:\/\/www.europesays.com\/fr\/wp-json\/wp\/v2\/posts\/574093","targetHints":{"allow":["GET"]}}],"collection":[{"href":"https:\/\/www.europesays.com\/fr\/wp-json\/wp\/v2\/posts"}],"about":[{"href":"https:\/\/www.europesays.com\/fr\/wp-json\/wp\/v2\/types\/post"}],"author":[{"embeddable":true,"href":"https:\/\/www.europesays.com\/fr\/wp-json\/wp\/v2\/users\/2"}],"replies":[{"embeddable":true,"href":"https:\/\/www.europesays.com\/fr\/wp-json\/wp\/v2\/comments?post=574093"}],"version-history":[{"count":0,"href":"https:\/\/www.europesays.com\/fr\/wp-json\/wp\/v2\/posts\/574093\/revisions"}],"wp:featuredmedia":[{"embeddable":true,"href":"https:\/\/www.europesays.com\/fr\/wp-json\/wp\/v2\/media\/574094"}],"wp:attachment":[{"href":"https:\/\/www.europesays.com\/fr\/wp-json\/wp\/v2\/media?parent=574093"}],"wp:term":[{"taxonomy":"category","embeddable":true,"href":"https:\/\/www.europesays.com\/fr\/wp-json\/wp\/v2\/categories?post=574093"},{"taxonomy":"post_tag","embeddable":true,"href":"https:\/\/www.europesays.com\/fr\/wp-json\/wp\/v2\/tags?post=574093"}],"curies":[{"name":"wp","href":"https:\/\/api.w.org\/{rel}","templated":true}]}}