{"id":574101,"date":"2025-12-02T22:49:15","date_gmt":"2025-12-02T22:49:15","guid":{"rendered":"https:\/\/www.europesays.com\/fr\/574101\/"},"modified":"2025-12-02T22:49:15","modified_gmt":"2025-12-02T22:49:15","slug":"le-quatrieme-membre-presume-du-commando-a-ete-place-en-detention-provisoire","status":"publish","type":"post","link":"https:\/\/www.europesays.com\/fr\/574101\/","title":{"rendered":"le quatri\u00e8me membre pr\u00e9sum\u00e9 du commando a \u00e9t\u00e9 plac\u00e9 en d\u00e9tention provisoire"},"content":{"rendered":"\n<p class=\"c-chapo \">\n  Pr\u00e9sent\u00e9 comme le dernier membre du commando, il avait \u00e9t\u00e9 arr\u00eat\u00e9 mardi dernier sur un chantier \u00e0 Laval, avant d&rsquo;\u00eatre mis en examen vendredi.\n<\/p>\n<p>      lire plus tard<\/p>\n<p id=\"dialog__title\" class=\"dialog__title\">Pour sauvegarder cet article, connectez-vous ou cr\u00e9ez un compte franceinfo<\/p>\n<p class=\"dialog__description\">Sans paiement. Sans abonnement.<\/p>\n<p>        Fermer la fen\u00eatre d\u2019activation des notifications France Info<\/p>\n<p>      cr\u00e9er votre compte<\/p>\n<p>      se connecter<\/p>\n<p>        Fermer la fen\u00eatre de pr\u00e9sentation<\/p>\n<p>    <img loading=\"lazy\" decoding=\"async\" class=\"signature__image lazyload\" width=\"100\" height=\"100\" data- alt=\"\" src=\"https:\/\/www.europesays.com\/fr\/wp-content\/uploads\/2025\/05\/64a68815cd1a7_placeholder-36b69ec8.png\"\/><\/p>\n<p>    Publi\u00e9 le 02\/12\/2025 21:40<\/p>\n<p>        Temps de lecture : 2min<\/p>\n<p>    <img decoding=\"async\"  alt=\"La pyramide et le mus\u00e9e du Louvre \u00e0 Paris, le 2 d\u00e9cembre 2025. (J-F TRIPELON-JARRY \/ ONLY FRANCE \/ AFP)\" width=\"432\" height=\"243\" src=\"https:\/\/www.europesays.com\/fr\/wp-content\/uploads\/2025\/12\/050-only-0528140-692f4e662d0cb384514277.jpg\" fetchpriority=\"high\"\/><\/p>\n<p>      La pyramide et le mus\u00e9e du Louvre \u00e0 Paris, le 2 d\u00e9cembre 2025. (J-F TRIPELON-JARRY \/ ONLY FRANCE \/ AFP)<\/p>\n<p>Le quatri\u00e8me membre pr\u00e9sum\u00e9 du commando <a href=\"https:\/\/www.franceinfo.fr\/faits-divers\/cambriolage-au-musee-du-louvre\/cambriolage-du-louvre-l-audit-oublie-qui-annoncait-le-casse_7641632.html\" target=\"_blank\" rel=\"noopener\">du casse du Louvre<\/a> a \u00e9t\u00e9 plac\u00e9 en d\u00e9tention provisoire, mardi 2 d\u00e9cembre, \u00e0 l&rsquo;issue d&rsquo;un d\u00e9bat devant le juge des libert\u00e9s et de la d\u00e9tention \u00e0 Paris, une semaine apr\u00e8s son interpellation, a appris l&rsquo;AFP aupr\u00e8s du parquet. Pr\u00e9sent\u00e9 comme le dernier membre du commando, il avait \u00e9t\u00e9 arr\u00eat\u00e9 mardi dernier sur un chantier \u00e0 Laval, <a href=\"https:\/\/www.franceinfo.fr\/faits-divers\/cambriolage-au-musee-du-louvre\/cambriolage-du-louvre-un-homme-arrete-mardi-suspecte-d-etre-le-quatrieme-membre-du-commando-a-ete-mis-en-examen_7645652.html\" target=\"_blank\" rel=\"noopener\">avant d&rsquo;\u00eatre mis en examen vendredi par les juges d&rsquo;instruction de la Juridiction interr\u00e9gionale sp\u00e9cialis\u00e9e<\/a>, pour vol en bande organis\u00e9e et association de malfaiteurs en r\u00e9cidive.<\/p>\n<p>\u00ab\u00a0Nous interjetons appel de ce placement en d\u00e9tention que nous contestons\u00a0\u00bb, ont d\u00e9clar\u00e9 \u00e0 l&rsquo;AFP ses avocates, d\u00e9non\u00e7ant le placement \u00e0 l&rsquo;isolement de leur client \u00e0 Fresnes (Val-de-Marne), une prison \u00ab\u00a0o\u00f9 la dignit\u00e9 humaine est tous les jours en p\u00e9ril\u00a0\u00bb. \u00ab\u00a0Le but de l&rsquo;instruction, c&rsquo;est de r\u00e9unir des preuves et pour le moment aucun \u00e9l\u00e9ment ne permet de dire qu&rsquo;il \u00e9tait sur place\u00a0\u00bb, ont ajout\u00e9 M\u00e9nya Arab-Tigrine et Farida Cagniard.<\/p>\n<p>L&rsquo;homme \u00e2g\u00e9 de 39 ans est originaire de Seine-Saint-Denis et a d\u00e9j\u00e0 \u00e9t\u00e9 condamn\u00e9 \u00e0 six reprises pour diverses infractions comme prox\u00e9n\u00e9tisme, conduite sans permis et recel de vol. Un dernier d\u00e9lit pour lequel il avait \u00e9t\u00e9 condamn\u00e9 \u00e0 deux mois d&#8217;emprisonnement avec sursis en 2010, avait expliqu\u00e9 la procureure de Paris, Laure Beccuau apr\u00e8s sa mise en examen.<\/p>\n<p>Avant ce dernier coup de filet, les enqu\u00eateurs de la Brigade de r\u00e9pression du banditisme de la police judiciaire parisienne ainsi que ceux de l&rsquo;Office central de lutte contre le trafic de biens culturels avaient pu interpeller, en deux mouvements, trois des quatre membres pr\u00e9sum\u00e9s de l&rsquo;\u00e9quipe de cambrioleurs, qui ont aussi \u00e9t\u00e9 mis en examen pour vol en bande organis\u00e9e et association de malfaiteurs.<\/p>\n<p>Un mois apr\u00e8s ce casse spectaculaire, les bijoux, estim\u00e9s \u00e0 88 millions d&rsquo;euros, sont toujours dans la nature. Tout comme les commanditaires.<\/p>\n","protected":false},"excerpt":{"rendered":"Pr\u00e9sent\u00e9 comme le dernier membre du commando, il avait \u00e9t\u00e9 arr\u00eat\u00e9 mardi dernier sur un chantier \u00e0 Laval,&hellip;\n","protected":false},"author":2,"featured_media":574102,"comment_status":"","ping_status":"","sticky":false,"template":"","format":"standard","meta":{"footnotes":""},"categories":[1888],"tags":[1111,1928,11,1927,1777,674,1011,27,12,1926,626,1925,25],"class_list":{"0":"post-574101","1":"post","2":"type-post","3":"status-publish","4":"format-standard","5":"has-post-thumbnail","7":"category-paris","8":"tag-actu","9":"tag-actu-paris","10":"tag-actualites","11":"tag-actualites-paris","12":"tag-eu","13":"tag-europe","14":"tag-fr","15":"tag-france","16":"tag-news","17":"tag-news-paris","18":"tag-paris","19":"tag-paris-news","20":"tag-republique-francaise"},"share_on_mastodon":{"url":"https:\/\/pubeurope.com\/@fr\/115652420222683676","error":""},"_links":{"self":[{"href":"https:\/\/www.europesays.com\/fr\/wp-json\/wp\/v2\/posts\/574101","targetHints":{"allow":["GET"]}}],"collection":[{"href":"https:\/\/www.europesays.com\/fr\/wp-json\/wp\/v2\/posts"}],"about":[{"href":"https:\/\/www.europesays.com\/fr\/wp-json\/wp\/v2\/types\/post"}],"author":[{"embeddable":true,"href":"https:\/\/www.europesays.com\/fr\/wp-json\/wp\/v2\/users\/2"}],"replies":[{"embeddable":true,"href":"https:\/\/www.europesays.com\/fr\/wp-json\/wp\/v2\/comments?post=574101"}],"version-history":[{"count":0,"href":"https:\/\/www.europesays.com\/fr\/wp-json\/wp\/v2\/posts\/574101\/revisions"}],"wp:featuredmedia":[{"embeddable":true,"href":"https:\/\/www.europesays.com\/fr\/wp-json\/wp\/v2\/media\/574102"}],"wp:attachment":[{"href":"https:\/\/www.europesays.com\/fr\/wp-json\/wp\/v2\/media?parent=574101"}],"wp:term":[{"taxonomy":"category","embeddable":true,"href":"https:\/\/www.europesays.com\/fr\/wp-json\/wp\/v2\/categories?post=574101"},{"taxonomy":"post_tag","embeddable":true,"href":"https:\/\/www.europesays.com\/fr\/wp-json\/wp\/v2\/tags?post=574101"}],"curies":[{"name":"wp","href":"https:\/\/api.w.org\/{rel}","templated":true}]}}