{"id":574105,"date":"2025-12-02T22:51:25","date_gmt":"2025-12-02T22:51:25","guid":{"rendered":"https:\/\/www.europesays.com\/fr\/574105\/"},"modified":"2025-12-02T22:51:25","modified_gmt":"2025-12-02T22:51:25","slug":"les-lieux-les-plus-instagrammables-de-paris-en-2026","status":"publish","type":"post","link":"https:\/\/www.europesays.com\/fr\/574105\/","title":{"rendered":"Les lieux les plus instagrammables de Paris en 2026"},"content":{"rendered":"<p class=\"paragraph text_align_left lp-f-body-02\">\u00c0 l\u2019heure des r\u00e9seaux sociaux, l\u2019image d\u2019une destination est devenue partie int\u00e9grante de son attractivit\u00e9. Paris ne joue plus seulement sur la grandeur de ses monuments, mais sur la finesse des cadres, la lumi\u00e8re du moment et la spontan\u00e9it\u00e9 de l\u2019instant. En 2026, certains lieux tirent particuli\u00e8rement leur \u00e9pingle du jeu &#8211; non seulement parce qu\u2019ils sont beaux, mais parce que leur composition, leur contexte et leur histoire les rendent puissants visuellement. Au-del\u00e0 de \u201cla photo parfaite\u201d, c\u2019est une immersion dans la ville que proposent ces rep\u00e8res. Privil\u00e9gier les heures creuses (lever ou fin de journ\u00e9e) permet d\u2019\u00e9viter la foule et de b\u00e9n\u00e9ficier d\u2019une lumi\u00e8re beaucoup plus flatteuse.<\/p>\n<p>Quelques lieux incontournables<\/p>\n<p class=\"paragraph text_align_left lp-f-body-02\">Si vous cherchez des id\u00e9es pour fl\u00e2ner dans Paris, voici des lieux incontournables par leur histoire et leur beaut\u00e9 architecturale. <\/p>\n<p>Place du Trocad\u00e9ro (7\u1d49)<\/p>\n<p class=\"paragraph text_align_left lp-f-body-02\">Vue embl\u00e9matique sur la Tour Eiffel, la place surplombe la Seine avec sym\u00e9trie et majest\u00e9. Les jardins et les escaliers cr\u00e9ent un cadre presque \u201cpos\u00e9\u201d pour une image forte. Des guides photo pr\u00e9cisent qu\u2019il s\u2019agit du \u201cspot incontournable d\u2019une photo r\u00e9ussie de Paris\u201d.<\/p>\n<p class=\"paragraph text_align_left lp-f-body-02\"><b>\u00c0 noter<\/b> : t\u00f4t le matin, la place est quasiment vide; la lumi\u00e8re est douce et le reflet sur l\u2019eau accentue l\u2019effet visuel.<\/p>\n<p>Pont de Bir-Hakeim (15\u1d49\/16\u1d49)<\/p>\n<p class=\"paragraph text_align_left lp-f-body-02\">Ce pont \u00e0 double niveau &#8211; route + m\u00e9tro a\u00e9rien &#8211; offre une vue directe sur la Tour Eiffel et une structure m\u00e9tallique photog\u00e9nique. Un cadre de plus en plus partag\u00e9 sur Instagram.<\/p>\n<p class=\"paragraph text_align_left lp-f-body-02\"><b>Astuce<\/b> : int\u00e9grer le m\u00e9tro en mouvement pour donner du dynamisme \u00e0 la photo.<\/p>\n<p>Rue Cr\u00e9mieux (12\u1d49)<\/p>\n<p class=\"paragraph text_align_left lp-f-body-02\">Rue pi\u00e9tonne aux fa\u00e7ades pastel, tr\u00e8s pris\u00e9e des photographes et influenceurs. Elle est identifi\u00e9e comme \u201cl\u2019une des rues les plus instagrammables\u201d de Paris.<\/p>\n<p class=\"paragraph text_align_left lp-f-body-02\"><b>Attention <\/b>: c\u2019est un lieu r\u00e9sidentiel &#8211; respecter les habitants, arriver t\u00f4t pour \u00e9viter l\u2019affluence.<\/p>\n<p>Palais Royal \/ Colonnes de Buren (1\u1d49\u02b3)<\/p>\n<p class=\"paragraph text_align_left lp-f-body-02\">Le contraste entre l\u2019architecture classique et l\u2019installation contemporaine des colonnes cr\u00e9e un cadre visuel singulier. Sym\u00e9trie, lumi\u00e8re filtr\u00e9e, g\u00e9om\u00e9trie : un combo pris\u00e9.<\/p>\n<p class=\"paragraph text_align_left lp-f-body-02\"><b>Conseil composition<\/b> : placer le sujet au centre pour jouer sur les lignes de fuite, ou d\u00e9centrer pour accentuer la profondeur.<\/p>\n<p>Place des Vosges (4\u1d49)<\/p>\n<p class=\"paragraph text_align_left lp-f-body-02\">L\u2019une des plus anciennes places de Paris, avec ses arcades, sa pelouse centrale et ses fa\u00e7ades rouges-brun. Un d\u00e9cor \u00e9l\u00e9gant, \u00e0 la fois urbain et paisible.<\/p>\n<p class=\"paragraph text_align_left lp-f-body-02\"><b>Moment id\u00e9al <\/b>: fin d\u2019apr\u00e8s-midi, quand la lumi\u00e8re rebondit sur les fa\u00e7ades.<\/p>\n<p>Le choix de la lumi\u00e8re et de l\u2019angle <\/p>\n<p class=\"paragraph text_align_left lp-f-body-02\">Ce que peu d\u2019articles soulignent c\u2019est la lumi\u00e8re qui transforme le lieu, parfois plus que le lieu lui-m\u00eame. Une m\u00eame fa\u00e7ade, film\u00e9e ou photographi\u00e9e sous un ciel couvert ou au cr\u00e9puscule, rend des r\u00e9sultats tr\u00e8s diff\u00e9rents. Par exemple, l\u2019application \u201cJveuxdusoleil\u201d (r\u00e9f\u00e9renc\u00e9e dans les communaut\u00e9s de photographes \u00e0 Paris) aide \u00e0 anticiper l\u2019ensoleillement des terrasses ou des rues, afin de choisir le bon moment pour d\u00e9clencher. Cette donn\u00e9e \u201ctechnique\u201d est une vraie valeur ajout\u00e9e pour le voyageur-photographe qui veut autre chose qu\u2019un simple clich\u00e9 classique.<\/p>\n<p class=\"paragraph text_align_left lp-f-body-02\"><b>En bref<\/b> : le bon angle + la bonne heure = l\u2019image m\u00e9morable.<\/p>\n<p>Panorama plus large et nuance<\/p>\n<p class=\"paragraph text_align_left lp-f-body-02\">Il faut souligner que les \u201clieux instagrammables\u201d sont en tension : leur popularit\u00e9 attire foule, ce qui peut nuire \u00e0 l\u2019exp\u00e9rience &#8211; pour les visiteurs comme pour les habitants. Par exemple, Rue Cr\u00e9mieux, d\u00e9j\u00e0 tr\u00e8s photographi\u00e9e, l\u2019activit\u00e9 des r\u00e9seaux sociaux suscite des plaintes des riverains en raison des d\u00e9rives de l\u2019influenceur-tourisme. Ainsi, choisir un lieu photog\u00e9nique ne doit pas effacer la dimension de respect et de d\u00e9couverte authentique. L\u2019image ne remplace pas la m\u00e9moire du lieu. <\/p>\n<p class=\"paragraph text_align_left lp-f-body-02\">Paris ne se contente pas de figurer sur les feeds Instagram, elle invite \u00e0 \u00eatre photographi\u00e9e avec conscience. Les lieux les plus pris\u00e9s ne sont pas seulement beaux, ils capturent des fragments de m\u00e9moire urbaine, de lumi\u00e8re et de vie. En 2026, l\u2019image ne se commande plus comme un simple \u201cj\u2019y \u00e9tais\u201d, mais se construit, se compose, se circule dans un \u00e9quilibre fragile entre visibilit\u00e9 et respect. Le voyageur-photographe doit donc aussi \u00eatre un observateur attentif, choisir le moment, anticiper la lumi\u00e8re, respecter l\u2019espace, valoriser le lieu sans l\u2019\u00e9craser. Ici, la \u201cbelle photo\u201d devient un acte de rencontre &#8211; avec la ville, avec son espace et avec soi-m\u00eame.<\/p>\n","protected":false},"excerpt":{"rendered":"\u00c0 l\u2019heure des r\u00e9seaux sociaux, l\u2019image d\u2019une destination est devenue partie int\u00e9grante de son attractivit\u00e9. Paris ne joue&hellip;\n","protected":false},"author":2,"featured_media":574106,"comment_status":"","ping_status":"","sticky":false,"template":"","format":"standard","meta":{"footnotes":""},"categories":[1888],"tags":[11,1777,674,1011,27,749,7616,12,626,25],"class_list":{"0":"post-574105","1":"post","2":"type-post","3":"status-publish","4":"format-standard","5":"has-post-thumbnail","7":"category-paris","8":"tag-actualites","9":"tag-eu","10":"tag-europe","11":"tag-fr","12":"tag-france","13":"tag-guide-shopping","14":"tag-loisirs-voyages","15":"tag-news","16":"tag-paris","17":"tag-republique-francaise"},"share_on_mastodon":{"url":"https:\/\/pubeurope.com\/@fr\/115652426758361293","error":""},"_links":{"self":[{"href":"https:\/\/www.europesays.com\/fr\/wp-json\/wp\/v2\/posts\/574105","targetHints":{"allow":["GET"]}}],"collection":[{"href":"https:\/\/www.europesays.com\/fr\/wp-json\/wp\/v2\/posts"}],"about":[{"href":"https:\/\/www.europesays.com\/fr\/wp-json\/wp\/v2\/types\/post"}],"author":[{"embeddable":true,"href":"https:\/\/www.europesays.com\/fr\/wp-json\/wp\/v2\/users\/2"}],"replies":[{"embeddable":true,"href":"https:\/\/www.europesays.com\/fr\/wp-json\/wp\/v2\/comments?post=574105"}],"version-history":[{"count":0,"href":"https:\/\/www.europesays.com\/fr\/wp-json\/wp\/v2\/posts\/574105\/revisions"}],"wp:featuredmedia":[{"embeddable":true,"href":"https:\/\/www.europesays.com\/fr\/wp-json\/wp\/v2\/media\/574106"}],"wp:attachment":[{"href":"https:\/\/www.europesays.com\/fr\/wp-json\/wp\/v2\/media?parent=574105"}],"wp:term":[{"taxonomy":"category","embeddable":true,"href":"https:\/\/www.europesays.com\/fr\/wp-json\/wp\/v2\/categories?post=574105"},{"taxonomy":"post_tag","embeddable":true,"href":"https:\/\/www.europesays.com\/fr\/wp-json\/wp\/v2\/tags?post=574105"}],"curies":[{"name":"wp","href":"https:\/\/api.w.org\/{rel}","templated":true}]}}