{"id":574107,"date":"2025-12-02T22:52:17","date_gmt":"2025-12-02T22:52:17","guid":{"rendered":"https:\/\/www.europesays.com\/fr\/574107\/"},"modified":"2025-12-02T22:52:17","modified_gmt":"2025-12-02T22:52:17","slug":"monaco-elimine-paris-tenant-du-titre","status":"publish","type":"post","link":"https:\/\/www.europesays.com\/fr\/574107\/","title":{"rendered":"Monaco \u00e9limine Paris, tenant du titre"},"content":{"rendered":"<p><strong>Monaco s&rsquo;est qualifi\u00e9 pour les<br \/>\nquarts de finale de la Coupe de France de basket en \u00e9liminant le<br \/>\ntenant du titre, Paris, sur le score de 109-103, gr\u00e2ce notamment<br \/>\naux 32 points de Mike James.<\/strong><\/p>\n<p>Paris ne r\u00e9ussira pas le doubl\u00e9 ! Vainqueur de sa premi\u00e8re Coupe<br \/>\nde France la saison pass\u00e9e, le Paris Basketball est cette fois<br \/>\ntomb\u00e9 d\u00e8s les huiti\u00e8mes de finale, mais il faut dire que le club de<br \/>\nla capitale avait h\u00e9rit\u00e9 du pire tirage possible, en devant<br \/>\naffronter Monaco \u00e0 l\u2019ext\u00e9rieur. Et le club de la Principaut\u00e9, qui<br \/>\nn\u2019a \u00e9galement remport\u00e9 qu\u2019une fois la Coupe de France dans son<br \/>\nhistoire (en 2023) a acc\u00e9d\u00e9 au tour suivant, en s\u2019imposant<br \/>\n109-103.<\/p>\n<p>La Roca Team a men\u00e9 tout au long de cette rencontre, qui s\u2019est<br \/>\ntoutefois av\u00e9r\u00e9e serr\u00e9e. Monaco a commenc\u00e9 par un 10-0 pour se<br \/>\nmettre sur de bons rails, puis a men\u00e9 18-7, avant de voir enfin<br \/>\nParis rentrer dans son match et \u00e9galiser \u00e0 21-21. Mais l\u2019ASM a<br \/>\nmieux fini le premier quart, pour le remporter 33-25. Dans le<br \/>\ndeuxi\u00e8me, l\u2019\u00e9cart a oscill\u00e9 entre +2 et +9 pour Monaco, qui a fini<br \/>\npar un 4-0 pour rentrer aux vestiaires avec sept points d\u2019avance<br \/>\n(65-58).<\/p>\n<p>Un autre Monaco-Paris<br \/>\njeudi<\/p>\n<p>A la reprise, Paris a recoll\u00e9 \u00e0 67-67, mais n\u2019est pas toujours<br \/>\npas parvenu \u00e0 passer devant. Au contraire, Monaco a r\u00e9pondu par un<br \/>\n7-0 pour reprendre un peu d\u2019air, et menait 80-74 \u00e0 la fin du<br \/>\ntroisi\u00e8me quart. La messe n\u2019\u00e9tait pas encore dite et les champions<br \/>\nde France ont r\u00e9ussi \u00e0 revenir \u00e0 -2 (87-85) \u00e0 5\u201959 de la fin puis \u00e0<br \/>\n\u00e9galit\u00e9 (95-95) \u00e0 3\u201909 du buzzer, mais dans ce match<br \/>\nultra-offensif, Monaco a donn\u00e9 un dernier coup de collier et a<br \/>\nrentr\u00e9 six lancers-francs d\u2019affil\u00e9e avant de finalement l\u2019emporter<br \/>\nde six points.<\/p>\n<p>Mike James a \u00e9t\u00e9 le grand artisan de cette qualification, en<br \/>\ninscrivant 32 points en 27 minutes, avec notamment un magnifique<br \/>\n7\/7 \u00e0 3 points. Matthew Strazel, qui \u00e9tait lundi en Finlande lors<br \/>\nde la d\u00e9faite des Bleus, a quant \u00e0 lui jou\u00e9 20 minutes, pour 12<br \/>\npoints. En face, les 24 points d\u2019Amath M\u2019baye n\u2019ont pas suffi aux<br \/>\nParisiens, qui auront l\u2019occasion de prendre leur revanche d\u00e8s<br \/>\njeudi, puisque les deux \u00e9quipes s\u2019affrontent en Euroligue \u00e0<br \/>\nGaston-M\u00e9decin.<\/p>\n","protected":false},"excerpt":{"rendered":"Monaco s&rsquo;est qualifi\u00e9 pour les quarts de finale de la Coupe de France de basket en \u00e9liminant le&hellip;\n","protected":false},"author":2,"featured_media":574108,"comment_status":"","ping_status":"","sticky":false,"template":"","format":"standard","meta":{"footnotes":""},"categories":[1888],"tags":[11,83,2930,1777,674,1011,27,9958,3654,2217,2191,1613,3127,12,626,25,57681],"class_list":{"0":"post-574107","1":"post","2":"type-post","3":"status-publish","4":"format-standard","5":"has-post-thumbnail","7":"category-paris","8":"tag-actualites","9":"tag-coupe-de-france","10":"tag-dijon","11":"tag-eu","12":"tag-europe","13":"tag-fr","14":"tag-france","15":"tag-hyeres","16":"tag-james","17":"tag-la-rochelle","18":"tag-le-mans","19":"tag-mbaye","20":"tag-monaco","21":"tag-news","22":"tag-paris","23":"tag-republique-francaise","24":"tag-sport365-fr"},"share_on_mastodon":{"url":"https:\/\/pubeurope.com\/@fr\/115652430768925712","error":""},"_links":{"self":[{"href":"https:\/\/www.europesays.com\/fr\/wp-json\/wp\/v2\/posts\/574107","targetHints":{"allow":["GET"]}}],"collection":[{"href":"https:\/\/www.europesays.com\/fr\/wp-json\/wp\/v2\/posts"}],"about":[{"href":"https:\/\/www.europesays.com\/fr\/wp-json\/wp\/v2\/types\/post"}],"author":[{"embeddable":true,"href":"https:\/\/www.europesays.com\/fr\/wp-json\/wp\/v2\/users\/2"}],"replies":[{"embeddable":true,"href":"https:\/\/www.europesays.com\/fr\/wp-json\/wp\/v2\/comments?post=574107"}],"version-history":[{"count":0,"href":"https:\/\/www.europesays.com\/fr\/wp-json\/wp\/v2\/posts\/574107\/revisions"}],"wp:featuredmedia":[{"embeddable":true,"href":"https:\/\/www.europesays.com\/fr\/wp-json\/wp\/v2\/media\/574108"}],"wp:attachment":[{"href":"https:\/\/www.europesays.com\/fr\/wp-json\/wp\/v2\/media?parent=574107"}],"wp:term":[{"taxonomy":"category","embeddable":true,"href":"https:\/\/www.europesays.com\/fr\/wp-json\/wp\/v2\/categories?post=574107"},{"taxonomy":"post_tag","embeddable":true,"href":"https:\/\/www.europesays.com\/fr\/wp-json\/wp\/v2\/tags?post=574107"}],"curies":[{"name":"wp","href":"https:\/\/api.w.org\/{rel}","templated":true}]}}