{"id":574117,"date":"2025-12-02T22:57:12","date_gmt":"2025-12-02T22:57:12","guid":{"rendered":"https:\/\/www.europesays.com\/fr\/574117\/"},"modified":"2025-12-02T22:57:12","modified_gmt":"2025-12-02T22:57:12","slug":"coupe-du-monde-lallemagne-terminera-sa-preparation-a-chicago-contre-les-etats-unis-le-6-juin","status":"publish","type":"post","link":"https:\/\/www.europesays.com\/fr\/574117\/","title":{"rendered":"Coupe du monde. L&rsquo;Allemagne terminera sa pr\u00e9paration \u00e0 Chicago contre les Etats-Unis le 6 juin"},"content":{"rendered":"<p data-testid=\"wcl-typoNewsPerex\" itemprop=\"description\">L&rsquo;Allemagne, quadruple championne du monde (1954, 1974, 1990 et 2014), affrontera les Etats-Unis \u00e0 Chicago le 6 juin \u00e0 13h30 locales (20h30 \u00e0 Paris) pour son dernier match de pr\u00e9paration avant le Mondial-2026 en Am\u00e9rique du Nord (Canada, Etats-Unis, Mexique).<\/p>\n<p>Qualifi\u00e9e pour la 21e phase finale de Coupe du monde de son histoire (en 23 \u00e9ditions), l&rsquo;Allemagne jouera ce match de pr\u00e9paration au Soldier Field (capacit\u00e9 de 61.500 spectateurs), antre du Chicago Fire en Ligue nord-am\u00e9ricaine (MLS).<\/p>\n<p>Au lendemain de cette rencontre face aux Etats-Unis, les Allemands prendront leur quartier dans leur camp de base pour la Coupe du monde (11 juin-19 juillet).\u00a0Avant de se rendre en Am\u00e9rique du Nord, les joueurs de <b>Julian Nagelsmann<\/b> affronteront la <a href=\"https:\/\/www.flashscore.fr\/equipe\/finlande\/QuVpPpic\/\" data-analytics-element=\"ARTICLE_TEXT_LINK\" data-analytics-alias=\"internal\" target=\"_blank\" rel=\"noopener\">Finlande<\/a> le 31 mai \u00e0 <b>Mayence<\/b>.<\/p>\n<p>Pour la fen\u00eatre internationale de fin mars, les Allemands affronteront la <b><a href=\"https:\/\/www.flashscore.fr\/equipe\/cote-d-ivoire\/G2FRjBgn\/\" data-analytics-element=\"ARTICLE_TEXT_LINK\" data-analytics-alias=\"internal\" target=\"_blank\" rel=\"noopener\">C\u00f4te d&rsquo;Ivoire<\/a><\/b> \u00e0 Stuttgart (30 mars), ainsi qu&rsquo;un deuxi\u00e8me adversaire qui sera connu apr\u00e8s le tirage au sort de la phase finale, vendredi \u00e0 Washington.<\/p>\n","protected":false},"excerpt":{"rendered":"L&rsquo;Allemagne, quadruple championne du monde (1954, 1974, 1990 et 2014), affrontera les Etats-Unis \u00e0 Chicago le 6 juin&hellip;\n","protected":false},"author":2,"featured_media":574118,"comment_status":"","ping_status":"","sticky":false,"template":"","format":"standard","meta":{"footnotes":""},"categories":[1587],"tags":[11,672,1804,1805,1803,1777,674,1801,12,1802],"class_list":{"0":"post-574117","1":"post","2":"type-post","3":"status-publish","4":"format-standard","5":"has-post-thumbnail","7":"category-allemagne","8":"tag-actualites","9":"tag-allemagne","10":"tag-bundesrepublik-deutschland","11":"tag-de","12":"tag-deutschland","13":"tag-eu","14":"tag-europe","15":"tag-germany","16":"tag-news","17":"tag-republique-federale-dallemagne"},"share_on_mastodon":{"url":"https:\/\/pubeurope.com\/@fr\/115652450310010718","error":""},"_links":{"self":[{"href":"https:\/\/www.europesays.com\/fr\/wp-json\/wp\/v2\/posts\/574117","targetHints":{"allow":["GET"]}}],"collection":[{"href":"https:\/\/www.europesays.com\/fr\/wp-json\/wp\/v2\/posts"}],"about":[{"href":"https:\/\/www.europesays.com\/fr\/wp-json\/wp\/v2\/types\/post"}],"author":[{"embeddable":true,"href":"https:\/\/www.europesays.com\/fr\/wp-json\/wp\/v2\/users\/2"}],"replies":[{"embeddable":true,"href":"https:\/\/www.europesays.com\/fr\/wp-json\/wp\/v2\/comments?post=574117"}],"version-history":[{"count":0,"href":"https:\/\/www.europesays.com\/fr\/wp-json\/wp\/v2\/posts\/574117\/revisions"}],"wp:featuredmedia":[{"embeddable":true,"href":"https:\/\/www.europesays.com\/fr\/wp-json\/wp\/v2\/media\/574118"}],"wp:attachment":[{"href":"https:\/\/www.europesays.com\/fr\/wp-json\/wp\/v2\/media?parent=574117"}],"wp:term":[{"taxonomy":"category","embeddable":true,"href":"https:\/\/www.europesays.com\/fr\/wp-json\/wp\/v2\/categories?post=574117"},{"taxonomy":"post_tag","embeddable":true,"href":"https:\/\/www.europesays.com\/fr\/wp-json\/wp\/v2\/tags?post=574117"}],"curies":[{"name":"wp","href":"https:\/\/api.w.org\/{rel}","templated":true}]}}