{"id":574131,"date":"2025-12-02T23:06:20","date_gmt":"2025-12-02T23:06:20","guid":{"rendered":"https:\/\/www.europesays.com\/fr\/574131\/"},"modified":"2025-12-02T23:06:20","modified_gmt":"2025-12-02T23:06:20","slug":"pour-un-grand-nom-des-bleus-depoortere-ressemble-a-une-legende-toulousaine","status":"publish","type":"post","link":"https:\/\/www.europesays.com\/fr\/574131\/","title":{"rendered":"pour un grand nom des Bleus, Depoortere ressemble \u00e0 une l\u00e9gende toulousaine"},"content":{"rendered":"<p>Il est l\u2019un des grands gagnants de la tourn\u00e9e de novembre. Apr\u00e8s son excellent d\u00e9but de saison avec l\u2019Union Bordeaux-B\u00e8gles, Nicolas Depoortere avait vu Fabien Galthi\u00e9 lui pr\u00e9f\u00e9rer Ga\u00ebl Fickou et Pierre-Louis Barassi pour guider la France face \u00e0 l\u2019Afrique du Sud. Une semaine plus tard, le Bordelais rempla\u00e7ait le Racingman pour un deuxi\u00e8me test contre les Fidji, chez lui au stade Atlantique.<\/p>\n<p>Auteur d\u2019un doubl\u00e9, il a \u00e9t\u00e9 reconduit face \u00e0 l\u2019Australie et a sign\u00e9 une nouvelle grande performance, l\u00e0 encore ponctu\u00e9e par deux essais. Si les semaines sont encore longues avant le d\u00e9but du Six Nations, Nicolas Depoortere a gagn\u00e9 de points pr\u00e9cieux afin de d\u00e9buter dans la peau d\u2019un titulaire. D\u2019autant que le XV de France pourra compter sur le grand retour de Yoram Moefana, install\u00e9 en 12 l\u2019an pass\u00e9 et associ\u00e9 en club \u00e0\u2026Depoortere.<\/p>\n<p>\u00ab\u00a0Depoortere me fait penser \u00e0 Jauzion\u00a0\u00bb<\/p>\n<p>Pour Castaign\u00e8de, l\u2019id\u00e9e de les associer est in\u00e9vitable, comme il l\u2019a confi\u00e9 \u00e0 <a href=\"https:\/\/www.rugbyrama.fr\/2025\/11\/24\/xv-de-france-la-paire-yoram-moefana-nicolas-depoortere-est-celle-qui-me-plait-le-plus-juge-thomas-castaignede-13070825.php\" target=\"_blank\" rel=\"noopener\">Midi Olympique.<\/a> L\u2019ancien ouvreur note m\u00eame de grosses similitudes entre Nicolas Depoortere et l\u2019un des meilleurs <a href=\"https:\/\/www.quinzemondial.com\/top-14\/pau-gailleton-serieusement-blesse-et-face-a-un-choix-decisif-pour-le-six-nations-820938\" target=\"_blank\" rel=\"noopener\">centres<\/a> de l\u2019histoire du rugby fran\u00e7ais.<\/p>\n<blockquote>\n<p>\u00ab Il surfe sur son excellent d\u00e9but de saison. Depuis un an et demi, c\u2019est un joueur qui ne cesse de grandir, de prendre en maturit\u00e9. Quand on se dit qu\u2019il est n\u00e9 en 2003\u2026 \u00c7a impressionne encore plus.\u00a0Depoortere\u00a0me fait penser \u00e0\u00a0Yannick Jauzion. Alors il lui reste \u00e9norm\u00e9ment de choses \u00e0 accomplir par rapport \u00e0\u00a0Yannick, mais dans le style, je trouve plusieurs ressemblances. C\u2019est un tr\u00e8s grand centre. De par ce qu\u2019elle a montr\u00e9 sous les couleurs de l\u2019UBB, la paire\u00a0Moefana\u2013Depoortere\u00a0me plairait le plus. Ils sont jeunes (25 et 22 ans), ont d\u00e9j\u00e0 gagn\u00e9 une Champions Cup et commencent \u00e0 \u00eatre habitu\u00e9s \u00e0 jouer la phase finale de Top 14. Ce sont des joueurs qui ont le potentiel pour s\u2019installer. Et puis, quand deux hommes jouent ensemble depuis de longs mois en club, \u00e7a se ressent sur le pr\u00e9. C\u2019est ind\u00e9niable \u00bb.<\/p>\n<\/blockquote>\n<p>Partagez cette info avec vos amis et vos proches en cliquant ici<br \/>Pour r\u00e9sumer<\/p>\n<p>Thomas Castaign\u00e8de est revenu sur la belle tourn\u00e9e de Nicolas Depoortere avec le XV de France. L\u2019ancien ouvreur veut le voir s\u2019installer au centre et lui voit beaucoup de similitudes avec un ancien toulousain, \u00e0 savoir Yannick Jauzion.<\/p>\n<p> <img decoding=\"async\" width=\"76\" height=\"76\" loading=\"lazy\" src=\"https:\/\/www.europesays.com\/fr\/wp-content\/uploads\/2025\/04\/avatar-quinze.png\" alt=\"Arnaud D\u00e9chelotte\"\/><\/p>\n","protected":false},"excerpt":{"rendered":"Il est l\u2019un des grands gagnants de la tourn\u00e9e de novembre. Apr\u00e8s son excellent d\u00e9but de saison avec&hellip;\n","protected":false},"author":2,"featured_media":574132,"comment_status":"","ping_status":"","sticky":false,"template":"","format":"standard","meta":{"footnotes":""},"categories":[1416],"tags":[1011,27,479,1468,60,478,513],"class_list":{"0":"post-574131","1":"post","2":"type-post","3":"status-publish","4":"format-standard","5":"has-post-thumbnail","7":"category-rugby","8":"tag-fr","9":"tag-france","10":"tag-rugby","11":"tag-rugby-football","12":"tag-sports","13":"tag-top-14","14":"tag-xv-de-france"},"share_on_mastodon":{"url":"https:\/\/pubeurope.com\/@fr\/115652486721157696","error":""},"_links":{"self":[{"href":"https:\/\/www.europesays.com\/fr\/wp-json\/wp\/v2\/posts\/574131","targetHints":{"allow":["GET"]}}],"collection":[{"href":"https:\/\/www.europesays.com\/fr\/wp-json\/wp\/v2\/posts"}],"about":[{"href":"https:\/\/www.europesays.com\/fr\/wp-json\/wp\/v2\/types\/post"}],"author":[{"embeddable":true,"href":"https:\/\/www.europesays.com\/fr\/wp-json\/wp\/v2\/users\/2"}],"replies":[{"embeddable":true,"href":"https:\/\/www.europesays.com\/fr\/wp-json\/wp\/v2\/comments?post=574131"}],"version-history":[{"count":0,"href":"https:\/\/www.europesays.com\/fr\/wp-json\/wp\/v2\/posts\/574131\/revisions"}],"wp:featuredmedia":[{"embeddable":true,"href":"https:\/\/www.europesays.com\/fr\/wp-json\/wp\/v2\/media\/574132"}],"wp:attachment":[{"href":"https:\/\/www.europesays.com\/fr\/wp-json\/wp\/v2\/media?parent=574131"}],"wp:term":[{"taxonomy":"category","embeddable":true,"href":"https:\/\/www.europesays.com\/fr\/wp-json\/wp\/v2\/categories?post=574131"},{"taxonomy":"post_tag","embeddable":true,"href":"https:\/\/www.europesays.com\/fr\/wp-json\/wp\/v2\/tags?post=574131"}],"curies":[{"name":"wp","href":"https:\/\/api.w.org\/{rel}","templated":true}]}}