{"id":574133,"date":"2025-12-02T23:07:17","date_gmt":"2025-12-02T23:07:17","guid":{"rendered":"https:\/\/www.europesays.com\/fr\/574133\/"},"modified":"2025-12-02T23:07:17","modified_gmt":"2025-12-02T23:07:17","slug":"passe-darmes-entre-le-club-de-tennis-et-la-mairie","status":"publish","type":"post","link":"https:\/\/www.europesays.com\/fr\/574133\/","title":{"rendered":"passe d\u2019armes entre le club de tennis et la mairie"},"content":{"rendered":"<p>Des \u00e9clats de voix ont retenti vendredi soir, 28\u00a0novembre, \u00e0 l\u2019occasion de l\u2019assembl\u00e9e g\u00e9n\u00e9rale du Tennis-Club de Beaune (TCB) \u00e0 la porte Marie-de-Bourgogne. Les membres du bureau, qui avaient annonc\u00e9 leur intention de raccrocher (lire par ailleurs), se sont vertement interrog\u00e9s sur le manque de soutien de la Ligue, de la F\u00e9d\u00e9ration, mais surtout de la municipalit\u00e9.<\/p>\n<p>Un \u00e9change tendu a eu lieu entre les membres du bureau et le maire de Beaune, Alain Suguenot, visiblement surpris de cette attaque. \u00ab\u00a0Cela fait plusieurs ann\u00e9es que nous avons ouvert la discussion avec la municipalit\u00e9 pour comprendre sur quels crit\u00e8res les subventions \u00e9taient allou\u00e9es aux associations, rappelle a posteriori Aude Lavoll\u00e9e, tr\u00e9sori\u00e8re. Nos adh\u00e9rents me disent avoir un sentiment d\u2019injustice et ne comprennent pas pourquoi d\u2019autres sports collectifs ont une subvention plus \u00e9lev\u00e9e, alors que nous avons autant voire plus d\u2019adh\u00e9rents avec 490 membres. Nous sommes sans doute la seule association \u00e0 payer notre gardien&#8230;<\/p>\n","protected":false},"excerpt":{"rendered":"Des \u00e9clats de voix ont retenti vendredi soir, 28\u00a0novembre, \u00e0 l\u2019occasion de l\u2019assembl\u00e9e g\u00e9n\u00e9rale du Tennis-Club de Beaune&hellip;\n","protected":false},"author":2,"featured_media":574134,"comment_status":"","ping_status":"","sticky":false,"template":"","format":"standard","meta":{"footnotes":""},"categories":[1415],"tags":[12095,12096,10975,107,1011,27,104,60,1467,1631],"class_list":{"0":"post-574133","1":"post","2":"type-post","3":"status-publish","4":"format-standard","5":"has-post-thumbnail","7":"category-tennis","8":"tag-beaune","9":"tag-beaune-ville","10":"tag-edition-beaune-et-sa-region","11":"tag-fil-info","12":"tag-fr","13":"tag-france","14":"tag-societe","15":"tag-sports","16":"tag-tennis","17":"tag-vie-associative"},"share_on_mastodon":{"url":"https:\/\/pubeurope.com\/@fr\/115652489568882319","error":""},"_links":{"self":[{"href":"https:\/\/www.europesays.com\/fr\/wp-json\/wp\/v2\/posts\/574133","targetHints":{"allow":["GET"]}}],"collection":[{"href":"https:\/\/www.europesays.com\/fr\/wp-json\/wp\/v2\/posts"}],"about":[{"href":"https:\/\/www.europesays.com\/fr\/wp-json\/wp\/v2\/types\/post"}],"author":[{"embeddable":true,"href":"https:\/\/www.europesays.com\/fr\/wp-json\/wp\/v2\/users\/2"}],"replies":[{"embeddable":true,"href":"https:\/\/www.europesays.com\/fr\/wp-json\/wp\/v2\/comments?post=574133"}],"version-history":[{"count":0,"href":"https:\/\/www.europesays.com\/fr\/wp-json\/wp\/v2\/posts\/574133\/revisions"}],"wp:featuredmedia":[{"embeddable":true,"href":"https:\/\/www.europesays.com\/fr\/wp-json\/wp\/v2\/media\/574134"}],"wp:attachment":[{"href":"https:\/\/www.europesays.com\/fr\/wp-json\/wp\/v2\/media?parent=574133"}],"wp:term":[{"taxonomy":"category","embeddable":true,"href":"https:\/\/www.europesays.com\/fr\/wp-json\/wp\/v2\/categories?post=574133"},{"taxonomy":"post_tag","embeddable":true,"href":"https:\/\/www.europesays.com\/fr\/wp-json\/wp\/v2\/tags?post=574133"}],"curies":[{"name":"wp","href":"https:\/\/api.w.org\/{rel}","templated":true}]}}