{"id":574137,"date":"2025-12-02T23:12:19","date_gmt":"2025-12-02T23:12:19","guid":{"rendered":"https:\/\/www.europesays.com\/fr\/574137\/"},"modified":"2025-12-02T23:12:19","modified_gmt":"2025-12-02T23:12:19","slug":"la-joie-cachee-de-paul-eymard","status":"publish","type":"post","link":"https:\/\/www.europesays.com\/fr\/574137\/","title":{"rendered":"La joie cach\u00e9e de Paul Eymard"},"content":{"rendered":"<p><strong>L&rsquo;ASSE nous propose de revivre les coulisses de la f\u00eate lig\u00e9rienne de ce 8\u1d49 tour de Coupe de France jou\u00e9e ce samedi \u00e0 Geoffroy Guichard. En effet, les co\u00e9quipiers de Brice Maubleu se sont impos\u00e9s <a href=\"https:\/\/peuple-vert.fr\/asse-actualite\/lasse-fait-respecter-la-hierarchie-dans-une-fete-magnifique\/\" target=\"_blank\" rel=\"noopener\">11-1<\/a> et ont d\u00e9croch\u00e9 leur ticket pour le <a href=\"https:\/\/www.beinsports.com\/fr-fr\/football\/coupe-de-france\/articles-video\/coupe-de-france-le-tirage-complet-des-32e-de-finale-2025-12-01\" target=\"_blank\" rel=\"noopener\">9e tour de Coupe de France<\/a> o\u00f9 ils affronteront l&rsquo;OGC Nice \u00e0 l&rsquo;Allianz Rivera.<\/strong><\/p>\n<p data-start=\"59\" data-end=\"812\">L\u2019ASSE d\u2019Eirik Horneland n\u2019a pas trembl\u00e9 ce samedi soir en Coupe de France. Oppos\u00e9s au petit poucet \u00c9cotay-Moingt, les Verts ont totalement ma\u00eetris\u00e9 la rencontre et ont valid\u00e9 leur billet pour les 32\u1d49 de finale. Le festival offensif d\u00e9bute d\u00e8s la 11\u1d49 minute gr\u00e2ce \u00e0 Ben Old, parfaitement servi par Irvin <a href=\"https:\/\/peuple-vert.fr\/joueurs\/irvin-cardona\/\" target=\"_blank\" rel=\"noopener\">Cardona<\/a>. Deux minutes plus tard, Miladinovic double la mise apr\u00e8s un bel \u00e9change avec Cardona, intenable dans son r\u00f4le de passeur. Boakye inscrit ensuite un splendide but en lucarne avant qu\u2019Old ne signe un doubl\u00e9 dans une ambiance d\u00e9j\u00e0 euphorique. Ferreira puis El Jamali participent \u00e9galement \u00e0 la f\u00eate, ce dernier marquant m\u00eame son premier but chez les pros. Avant la pause, Ben Old compl\u00e8te un tripl\u00e9 logique, offrant un large 7-0 \u00e0 la mi-temps.<\/p>\n<p data-start=\"814\" data-end=\"1247\">Horneland proc\u00e8de alors \u00e0 cinq changements, mais l\u2019ASSE continue d\u2019appuyer. Old inscrit un quatri\u00e8me but personnel, suivi par Eymard, auteur de son premier but \u00e0 Geoffroy-Guichard. Le public salue ensuite le superbe coup franc de Vial, offrant un but d\u2019honneur \u00e0 \u00c9cotay-Moingt. El Jamali signe un doubl\u00e9 avant qu\u2019un but contre son camp ne fixe le score final \u00e0 11-1. Une soir\u00e9e spectaculaire, fid\u00e8le \u00e0 la magie de la Coupe de France.<\/p>\n<p>Paul Eymard sur son premier but dans le chaudron avec l&rsquo;ASSE<\/p>\n<p data-start=\"113\" data-end=\"391\"><strong data-start=\"113\" data-end=\"130\">Paul Eymard : <\/strong>\u00ab Marquer mon premier but \u00e0 Geoffroy-Guichard ? C\u2019est beaucoup d\u2019\u00e9motions. Dans la c\u00e9l\u00e9bration, je ne voulais pas crier et danser partout par respect, car il y avait d\u00e9j\u00e0 beaucoup de buts. Mais si \u00e7a avait \u00e9t\u00e9 en championnat, j\u2019aurais cri\u00e9 partout (rires). \u00bb<\/p>\n<p data-start=\"393\" data-end=\"673\" data-is-last-node=\"\" data-is-only-node=\"\"><strong data-start=\"393\" data-end=\"414\">Maxime Bernauer : <\/strong>\u00ab C\u2019est bien, tout le monde a kiff\u00e9. Malheureusement pour nous, mais c\u2019est beau pour eux : ils ont r\u00e9ussi \u00e0 marquer. Ce sont des souvenirs qui resteront grav\u00e9s pour toujours dans leur vie. C\u2019est cool, cette communion ; ce sont les vraies valeurs du foot. \u00bb<\/p><\/p>\n","protected":false},"excerpt":{"rendered":"L&rsquo;ASSE nous propose de revivre les coulisses de la f\u00eate lig\u00e9rienne de ce 8\u1d49 tour de Coupe de&hellip;\n","protected":false},"author":2,"featured_media":574138,"comment_status":"","ping_status":"","sticky":false,"template":"","format":"standard","meta":{"footnotes":""},"categories":[1410],"tags":[63,1011,27,60],"class_list":{"0":"post-574137","1":"post","2":"type-post","3":"status-publish","4":"format-standard","5":"has-post-thumbnail","7":"category-football","8":"tag-football","9":"tag-fr","10":"tag-france","11":"tag-sports"},"share_on_mastodon":{"url":"https:\/\/pubeurope.com\/@fr\/115652509286459511","error":""},"_links":{"self":[{"href":"https:\/\/www.europesays.com\/fr\/wp-json\/wp\/v2\/posts\/574137","targetHints":{"allow":["GET"]}}],"collection":[{"href":"https:\/\/www.europesays.com\/fr\/wp-json\/wp\/v2\/posts"}],"about":[{"href":"https:\/\/www.europesays.com\/fr\/wp-json\/wp\/v2\/types\/post"}],"author":[{"embeddable":true,"href":"https:\/\/www.europesays.com\/fr\/wp-json\/wp\/v2\/users\/2"}],"replies":[{"embeddable":true,"href":"https:\/\/www.europesays.com\/fr\/wp-json\/wp\/v2\/comments?post=574137"}],"version-history":[{"count":0,"href":"https:\/\/www.europesays.com\/fr\/wp-json\/wp\/v2\/posts\/574137\/revisions"}],"wp:featuredmedia":[{"embeddable":true,"href":"https:\/\/www.europesays.com\/fr\/wp-json\/wp\/v2\/media\/574138"}],"wp:attachment":[{"href":"https:\/\/www.europesays.com\/fr\/wp-json\/wp\/v2\/media?parent=574137"}],"wp:term":[{"taxonomy":"category","embeddable":true,"href":"https:\/\/www.europesays.com\/fr\/wp-json\/wp\/v2\/categories?post=574137"},{"taxonomy":"post_tag","embeddable":true,"href":"https:\/\/www.europesays.com\/fr\/wp-json\/wp\/v2\/tags?post=574137"}],"curies":[{"name":"wp","href":"https:\/\/api.w.org\/{rel}","templated":true}]}}