{"id":574157,"date":"2025-12-02T23:24:14","date_gmt":"2025-12-02T23:24:14","guid":{"rendered":"https:\/\/www.europesays.com\/fr\/574157\/"},"modified":"2025-12-02T23:24:14","modified_gmt":"2025-12-02T23:24:14","slug":"comment-marine-le-pen-tente-de-semer-la-panique-sur-le-livret-a-liberation","status":"publish","type":"post","link":"https:\/\/www.europesays.com\/fr\/574157\/","title":{"rendered":"comment Marine Le\u00a0Pen tente de semer la panique sur le livret A \u2013 Lib\u00e9ration"},"content":{"rendered":"<p class=\"sc-cPiKLX AiZTS text-element\">Des quelque <a href=\"https:\/\/www.liberation.fr\/economie\/les-pistes-du-conseil-des-prelevements-obligatoires-pour-reformer-la-fiscalite-du-patrimoine-20251201_OC2GQQT7KRC4LNOYEMYV4AVMVY\/\" target=\"_blank\" rel=\"noopener\">220 pages du rapport sur la fiscalit\u00e9 du patrimoine<\/a> du Conseil des pr\u00e9l\u00e8vements obligatoires (CPO), organisme ind\u00e9pendant rattach\u00e9 \u00e0 la Cour des comptes, rendu public lundi 2 d\u00e9cembre, ce ne sont pas les diff\u00e9rents sc\u00e9narios pr\u00e9sent\u00e9s pour taxer les plus riches et faire en sorte d\u2019att\u00e9nuer les in\u00e9galit\u00e9s devant l\u2019imp\u00f4t qui ont retenu l\u2019attention de Marine Le Pen, la pr\u00e9sidente du groupe Rassemblement national \u00e0 l\u2019Assembl\u00e9e nationale. Non, c\u2019est une proposition de quelques lignes concernant l\u2019\u00e9pargne r\u00e9glement\u00e9e, plus pr\u00e9cis\u00e9ment le livret A et le livret de d\u00e9veloppement durable et solidaire (LDDS).<\/p>\n<p class=\"sc-cPiKLX AiZTS text-element\">Que le gouvernement n\u2019ait pas comment\u00e9 cette proposition, ni les autres d\u2019ailleurs, n\u2019a pas emp\u00each\u00e9 la d\u00e9put\u00e9e d\u2019extr\u00eame droite de consid\u00e9rer sur X au lendemain de la publication du rapport que \u00able syst\u00e8me (sic) penserait d\u00e9sormais \u00e0 taxer le livret A pour faire payer aux Fran\u00e7ais la gabegie macroniste. Le gouvernement va-t-il d\u00e9finitivement ruiner les \u00e9pargnants ? Le rendement est d\u00e9j\u00e0 mis\u00e9rable\u00bb. Dans la foul\u00e9e, le ministre de l\u2019Economie et des finances, Roland Lescure, a fait savoir que ce n\u2019\u00e9tait pas parmi les intentions du gouvernement, soulignant que les recommandations du CPO ne l\u2019engageaient en rien. \u00abJe tiens \u00e0 rappeler que le gouvernement n\u2019envisage ab<\/p>\n","protected":false},"excerpt":{"rendered":"Des quelque 220 pages du rapport sur la fiscalit\u00e9 du patrimoine du Conseil des pr\u00e9l\u00e8vements obligatoires (CPO), organisme&hellip;\n","protected":false},"author":2,"featured_media":574158,"comment_status":"","ping_status":"","sticky":false,"template":"","format":"standard","meta":{"footnotes":""},"categories":[6],"tags":[35,54351,33,34,1011,27,430],"class_list":{"0":"post-574157","1":"post","2":"type-post","3":"status-publish","4":"format-standard","5":"has-post-thumbnail","7":"category-economie","8":"tag-business","9":"tag-cour-comptes","10":"tag-economie","11":"tag-economy","12":"tag-fr","13":"tag-france","14":"tag-marine-le-pen"},"share_on_mastodon":{"url":"https:\/\/pubeurope.com\/@fr\/115652556569193382","error":""},"_links":{"self":[{"href":"https:\/\/www.europesays.com\/fr\/wp-json\/wp\/v2\/posts\/574157","targetHints":{"allow":["GET"]}}],"collection":[{"href":"https:\/\/www.europesays.com\/fr\/wp-json\/wp\/v2\/posts"}],"about":[{"href":"https:\/\/www.europesays.com\/fr\/wp-json\/wp\/v2\/types\/post"}],"author":[{"embeddable":true,"href":"https:\/\/www.europesays.com\/fr\/wp-json\/wp\/v2\/users\/2"}],"replies":[{"embeddable":true,"href":"https:\/\/www.europesays.com\/fr\/wp-json\/wp\/v2\/comments?post=574157"}],"version-history":[{"count":0,"href":"https:\/\/www.europesays.com\/fr\/wp-json\/wp\/v2\/posts\/574157\/revisions"}],"wp:featuredmedia":[{"embeddable":true,"href":"https:\/\/www.europesays.com\/fr\/wp-json\/wp\/v2\/media\/574158"}],"wp:attachment":[{"href":"https:\/\/www.europesays.com\/fr\/wp-json\/wp\/v2\/media?parent=574157"}],"wp:term":[{"taxonomy":"category","embeddable":true,"href":"https:\/\/www.europesays.com\/fr\/wp-json\/wp\/v2\/categories?post=574157"},{"taxonomy":"post_tag","embeddable":true,"href":"https:\/\/www.europesays.com\/fr\/wp-json\/wp\/v2\/tags?post=574157"}],"curies":[{"name":"wp","href":"https:\/\/api.w.org\/{rel}","templated":true}]}}